{"id":32113,"date":"2026-05-03T10:09:38","date_gmt":"2026-05-03T10:09:38","guid":{"rendered":"https:\/\/eskigazeteci.com\/?p=32113"},"modified":"2026-05-03T10:09:38","modified_gmt":"2026-05-03T10:09:38","slug":"fenerbahcede-ederson-mujdesi-22-milyon-euro","status":"publish","type":"post","link":"https:\/\/eskigazeteci.com\/?p=32113","title":{"rendered":"Fenerbah\u00e7e&#8217;de Ederson m\u00fcjdesi! 22 milyon Euro"},"content":{"rendered":"<p>Fenerbah\u00e7e , sezon ba\u015f\u0131nda y\u0131llar s\u00fcren Manchester City kariyerini sonland\u0131ran Ederson&#x27;u, ezeli rakibi Galatasaray &#x27;\u0131n adeta elinden alm\u0131\u015ft\u0131.<\/p>\n<p>Ederson, sar\u0131 lacivertlilerdeki ini\u015fli \u00e7\u0131k\u0131\u015fl\u0131 performans\u0131 nedeniyle ele\u015ftiri oklar\u0131n\u0131n hedefi oldu.<\/p>\n<p>GALATASARAY MA\u00c7INDA B\u00dcY\u00dcK H\u00dcSRAN<\/p>\n<p>Brezilyal\u0131 kaleci, \u00f6zellikle Galatasaray derbisinde ma\u00e7\u0131n hakemi ile girdi\u011fi ikili diyalog nedeniyle ele\u015ftiri oklar\u0131n\u0131n hedefi oldu ve g\u00f6rd\u00fc\u011f\u00fc k\u0131rm\u0131z\u0131 kart ile beraber, sezonu kapatt\u0131.<\/p>\n<p>FENERBAH\u00c7E&#x27;YE M\u00dcJDE<\/p>\n<p>Sar\u0131 lacivertlilerde bir yandan ba\u015fkanl\u0131k se\u00e7imi beklenirken, di\u011fer yandan da oyunculara teklif ya\u011fmaya ba\u015flad\u0131. Bunlarda son halka da Ederson&#x27;a oldu.<\/p>\n<p>BREZ\u0130LYA VE ARAB\u0130STAN&#x27;DAN \u0130STEN\u0130YOR<\/p>\n<p>Ederson&#x27;a Brezilya&#x27;dan 2 kul\u00fcp, Al Hilal ve Al Nassr ilgi duyuyor. Bununla beraber Brezilya&#x27;dan bir kul\u00fcp de Ederson&#x27;u istiyor.<\/p>\n<p>22 M\u0130LYON EURO \u00d6DEYEB\u0130L\u0130RLER<\/p>\n<p>Ederson&#x27;un Fenerbah\u00e7e&#x27;den \u00e7\u0131k\u0131\u015f maddesi 22 milyon Euro ve bu miktar\u0131 Suudiler kar\u015f\u0131lamaya haz\u0131r. \u00d6te yandan ald\u0131\u011f\u0131 y\u0131ll\u0131k 11 milyon Euro&#x27;luk maa\u015f\u0131 da \u00f6deyebilecekleri ifade ediliyor.<\/p>\n<p>Y\u00d6NET\u0130M PE\u015e\u0130N \u0130ST\u0130YOR<\/p>\n<p>Fenerbah\u00e7e&#x27;de mevcut y\u00f6netim, Ederson i\u00e7in yap\u0131lacak teklif sonras\u0131 22 milyon Euro&#x27;luk miktar\u0131 istedi\u011fini oyuncunun menajerine iletti.<\/p>\n<p>\u00d6te yandan ba\u015fkan&#8230;<\/p>\n","protected":false},"excerpt":{"rendered":"<p>Fenerbah\u00e7e&#8217;nin olayl\u0131 Galatasaray derbisinde g\u00f6rd\u00fc\u011f\u00fc k\u0131rm\u0131z\u0131 kart ile beraber g\u00f6zden \u00e7\u0131kar\u0131lan ve ald\u0131\u011f\u0131 ceza nedeniyle sezonu kapatan Ederson&#8217;a dair m\u00fcjde&#8230;<\/p>\n","protected":false},"author":2,"featured_media":32112,"comment_status":"open","ping_status":"open","sticky":false,"template":"","format":"standard","meta":{"footnotes":""},"categories":[5,7],"tags":[],"class_list":["post-32113","post","type-post","status-publish","format-standard","has-post-thumbnail","hentry","category-son-dakika","category-spor"],"_links":{"self":[{"href":"https:\/\/eskigazeteci.com\/index.php?rest_route=\/wp\/v2\/posts\/32113","targetHints":{"allow":["GET"]}}],"collection":[{"href":"https:\/\/eskigazeteci.com\/index.php?rest_route=\/wp\/v2\/posts"}],"about":[{"href":"https:\/\/eskigazeteci.com\/index.php?rest_route=\/wp\/v2\/types\/post"}],"author":[{"embeddable":true,"href":"https:\/\/eskigazeteci.com\/index.php?rest_route=\/wp\/v2\/users\/2"}],"replies":[{"embeddable":true,"href":"https:\/\/eskigazeteci.com\/index.php?rest_route=%2Fwp%2Fv2%2Fcomments&post=32113"}],"version-history":[{"count":0,"href":"https:\/\/eskigazeteci.com\/index.php?rest_route=\/wp\/v2\/posts\/32113\/revisions"}],"wp:featuredmedia":[{"embeddable":true,"href":"https:\/\/eskigazeteci.com\/index.php?rest_route=\/wp\/v2\/media\/32112"}],"wp:attachment":[{"href":"https:\/\/eskigazeteci.com\/index.php?rest_route=%2Fwp%2Fv2%2Fmedia&parent=32113"}],"wp:term":[{"taxonomy":"category","embeddable":true,"href":"https:\/\/eskigazeteci.com\/index.php?rest_route=%2Fwp%2Fv2%2Fcategories&post=32113"},{"taxonomy":"post_tag","embeddable":true,"href":"https:\/\/eskigazeteci.com\/index.php?rest_route=%2Fwp%2Fv2%2Ftags&post=32113"}],"curies":[{"name":"wp","href":"https:\/\/api.w.org\/{rel}","templated":true}]}}