{"id":32111,"date":"2026-05-03T09:59:37","date_gmt":"2026-05-03T09:59:37","guid":{"rendered":"https:\/\/eskigazeteci.com\/?p=32111"},"modified":"2026-05-03T09:59:37","modified_gmt":"2026-05-03T09:59:37","slug":"istanbuldaki-hastanede-yangin-hastalar-tahliye-edildi","status":"publish","type":"post","link":"https:\/\/eskigazeteci.com\/?p=32111","title":{"rendered":"\u0130stanbul&#8217;daki hastanede yang\u0131n: Hastalar tahliye edildi"},"content":{"rendered":"<p>Sar\u0131yer Hamidiye Etfal E\u011fitim Ara\u015ft\u0131rma Hastanesi&#8217;nin acil b\u00f6l\u00fcm\u00fcnde hen\u00fcz bilinmeyen nedenle yang\u0131n \u00e7\u0131kt\u0131. Hastalar tahliye edilirken yang\u0131n itfaiye&#8230;<\/p>\n","protected":false},"excerpt":{"rendered":"<p>Sar\u0131yer Hamidiye Etfal E\u011fitim Ara\u015ft\u0131rma Hastanesi&#8217;nin acil b\u00f6l\u00fcm\u00fcnde hen\u00fcz bilinmeyen nedenle yang\u0131n \u00e7\u0131kt\u0131. Hastalar tahliye edilirken yang\u0131n itfaiye&#8230;<\/p>\n","protected":false},"author":2,"featured_media":32110,"comment_status":"open","ping_status":"open","sticky":false,"template":"","format":"standard","meta":{"footnotes":""},"categories":[6,5],"tags":[],"class_list":["post-32111","post","type-post","status-publish","format-standard","has-post-thumbnail","hentry","category-gundem","category-son-dakika"],"_links":{"self":[{"href":"https:\/\/eskigazeteci.com\/index.php?rest_route=\/wp\/v2\/posts\/32111","targetHints":{"allow":["GET"]}}],"collection":[{"href":"https:\/\/eskigazeteci.com\/index.php?rest_route=\/wp\/v2\/posts"}],"about":[{"href":"https:\/\/eskigazeteci.com\/index.php?rest_route=\/wp\/v2\/types\/post"}],"author":[{"embeddable":true,"href":"https:\/\/eskigazeteci.com\/index.php?rest_route=\/wp\/v2\/users\/2"}],"replies":[{"embeddable":true,"href":"https:\/\/eskigazeteci.com\/index.php?rest_route=%2Fwp%2Fv2%2Fcomments&post=32111"}],"version-history":[{"count":0,"href":"https:\/\/eskigazeteci.com\/index.php?rest_route=\/wp\/v2\/posts\/32111\/revisions"}],"wp:featuredmedia":[{"embeddable":true,"href":"https:\/\/eskigazeteci.com\/index.php?rest_route=\/wp\/v2\/media\/32110"}],"wp:attachment":[{"href":"https:\/\/eskigazeteci.com\/index.php?rest_route=%2Fwp%2Fv2%2Fmedia&parent=32111"}],"wp:term":[{"taxonomy":"category","embeddable":true,"href":"https:\/\/eskigazeteci.com\/index.php?rest_route=%2Fwp%2Fv2%2Fcategories&post=32111"},{"taxonomy":"post_tag","embeddable":true,"href":"https:\/\/eskigazeteci.com\/index.php?rest_route=%2Fwp%2Fv2%2Ftags&post=32111"}],"curies":[{"name":"wp","href":"https:\/\/api.w.org\/{rel}","templated":true}]}}