{"id":32107,"date":"2026-05-03T09:32:39","date_gmt":"2026-05-03T09:32:39","guid":{"rendered":"https:\/\/eskigazeteci.com\/?p=32107"},"modified":"2026-05-03T09:32:39","modified_gmt":"2026-05-03T09:32:39","slug":"emekli-muhendisin-katilinden-sok-savunma-videolarimla-tehdit-etti-namusumu-korumak-icin-oldurdum","status":"publish","type":"post","link":"https:\/\/eskigazeteci.com\/?p=32107","title":{"rendered":"Emekli m\u00fchendisin katilinden \u015fok savunma: Videolar\u0131mla tehdit etti, namusumu korumak i\u00e7in \u00f6ld\u00fcrd\u00fcm"},"content":{"rendered":"<p>\u0130ki evlilik yap\u0131p bo\u015fanan, 2 \u00e7ocuk babas\u0131 Tekin At\u0131lgan&#x27;dan 20 A\u011fustos 2025&#x27;ten itibaren haber alamayan yak\u0131nlar\u0131, 26 A\u011fustos&#x27;ta polise kay\u0131p m\u00fcracaat\u0131nda bulundu. \u00c7al\u0131\u015fma ba\u015flatan \u0130l Emniyet M\u00fcd\u00fcrl\u00fc\u011f\u00fc Asayi\u015f \u015eubesi ekipleri, At\u0131lgan&#x27;\u0131n otomobilini plakas\u0131z halde hastane otopark\u0131nda terk edilmi\u015f halde buldu. Ara\u015ft\u0131rmas\u0131n\u0131 derinle\u015ftiren polis, At\u0131lgan&#x27;\u0131n jeoloji m\u00fchendisli\u011finden emekli olduktan sonra pazarlamac\u0131 olarak \u00e7al\u0131\u015ft\u0131\u011f\u0131 dondurma fabrikas\u0131n\u0131n da\u011f\u0131t\u0131m deposu ve \u00e7evresindeki g\u00fcvenlik kamera kay\u0131tlar\u0131n\u0131 incelemeye ald\u0131. \u0130ncelemede; At\u0131lgan&#x27;\u0131n kayboldu\u011fu g\u00fcn dondurma fabrikas\u0131n\u0131n deposundan \u00e7\u0131kan bir arac\u0131n Ni\u011fde&#x27;nin Altunhisar il\u00e7esi y\u00f6n\u00fcne gitti\u011fi saptad\u0131. Ara\u015ft\u0131rmas\u0131n\u0131 bu b\u00f6lgede yo\u011funla\u015ft\u0131ran polis, 28 A\u011fustos&#x27;ta Altunhisar il\u00e7esi yak\u0131nlar\u0131nda yol kenar\u0131nda dondurma fabrikas\u0131na ait siyaha boyanm\u0131\u015f ve ate\u015fe verilerek yak\u0131lm\u0131\u015f dondurma dolab\u0131n\u0131 fark etti. Polis, dolab\u0131 a\u00e7t\u0131\u011f\u0131nda Tekin At\u0131lgan&#x27;\u0131n cans\u0131z bedeniyle kar\u015f\u0131la\u015ft\u0131. At\u0131lgan&#x27;\u0131n cesedinin ta\u015f\u0131nd\u0131\u011f\u0131 arac\u0131 kullanan ki\u015finin depo m\u00fcd\u00fcr\u00fc Ya\u015far Can Kahya oldu\u011funu saptayan polis, \u015f\u00fcpheliyi 29 A\u011fustos&#x27;ta Kayseri&#x27;de yakalad\u0131. Kahya, \u00e7\u0131kar\u0131ld\u0131\u011f\u0131 mahkemece tutukland\u0131.<\/p>\n<p>A\u011eIRLA\u015eTIRILMI\u015e M\u00dcEBBET \u0130STEND\u0130<\/p>\n<p>Ya\u015far Can Kahya hakk\u0131nda&#8230;<\/p>\n","protected":false},"excerpt":{"rendered":"<p>Aksaray&#8217;da bir dondurma fabrikas\u0131n\u0131n da\u011f\u0131t\u0131m deposunda \u00e7al\u0131\u015fan, kay\u0131p ihbar\u0131 sonras\u0131 cesedi dondurma dolab\u0131nda bulunan emekli jeoloji m\u00fchendisi Tekin&#8230;<\/p>\n","protected":false},"author":2,"featured_media":32106,"comment_status":"open","ping_status":"open","sticky":false,"template":"","format":"standard","meta":{"footnotes":""},"categories":[6,5],"tags":[],"class_list":["post-32107","post","type-post","status-publish","format-standard","has-post-thumbnail","hentry","category-gundem","category-son-dakika"],"_links":{"self":[{"href":"https:\/\/eskigazeteci.com\/index.php?rest_route=\/wp\/v2\/posts\/32107","targetHints":{"allow":["GET"]}}],"collection":[{"href":"https:\/\/eskigazeteci.com\/index.php?rest_route=\/wp\/v2\/posts"}],"about":[{"href":"https:\/\/eskigazeteci.com\/index.php?rest_route=\/wp\/v2\/types\/post"}],"author":[{"embeddable":true,"href":"https:\/\/eskigazeteci.com\/index.php?rest_route=\/wp\/v2\/users\/2"}],"replies":[{"embeddable":true,"href":"https:\/\/eskigazeteci.com\/index.php?rest_route=%2Fwp%2Fv2%2Fcomments&post=32107"}],"version-history":[{"count":0,"href":"https:\/\/eskigazeteci.com\/index.php?rest_route=\/wp\/v2\/posts\/32107\/revisions"}],"wp:featuredmedia":[{"embeddable":true,"href":"https:\/\/eskigazeteci.com\/index.php?rest_route=\/wp\/v2\/media\/32106"}],"wp:attachment":[{"href":"https:\/\/eskigazeteci.com\/index.php?rest_route=%2Fwp%2Fv2%2Fmedia&parent=32107"}],"wp:term":[{"taxonomy":"category","embeddable":true,"href":"https:\/\/eskigazeteci.com\/index.php?rest_route=%2Fwp%2Fv2%2Fcategories&post=32107"},{"taxonomy":"post_tag","embeddable":true,"href":"https:\/\/eskigazeteci.com\/index.php?rest_route=%2Fwp%2Fv2%2Ftags&post=32107"}],"curies":[{"name":"wp","href":"https:\/\/api.w.org\/{rel}","templated":true}]}}