{"id":32103,"date":"2026-05-03T09:29:35","date_gmt":"2026-05-03T09:29:35","guid":{"rendered":"https:\/\/eskigazeteci.com\/?p=32103"},"modified":"2026-05-03T09:29:35","modified_gmt":"2026-05-03T09:29:35","slug":"kralice-olmasa-ne-cikar-o-hep-anne-babasinin-biricik-guzel-prensesi-kalacak","status":"publish","type":"post","link":"https:\/\/eskigazeteci.com\/?p=32103","title":{"rendered":"Krali\u00e7e olmasa ne \u00e7\u0131kar\u2026 O hep anne babas\u0131n\u0131n biricik g\u00fczel prensesi kalacak"},"content":{"rendered":"<p>Yak\u0131n bir gelecekte \u0130ngiltere\u2019nin kral ve krali\u00e7esi olacak olan Prens William ve Prenses Kate Middleton \u2019\u0131n tek k\u0131zlar\u0131 Prenses Charlotte 11. ya\u015f g\u00fcn\u00fcn\u00fc kutlad\u0131.<\/p>\n<p>Kraliyet ailesinde gelenek oldu\u011fu \u00fczere Charlotte\u2019un yeni ya\u015f\u0131n\u0131 kutlamak i\u00e7in ailenin resmi hesaplar\u0131ndan bir do\u011fum g\u00fcn\u00fc portresi yay\u0131nland\u0131.<\/p>\n<p>William ve Kate\u2019in payla\u015ft\u0131\u011f\u0131 foto\u011frafta Charlotte bir \u00e7i\u00e7ek tarlas\u0131ndayd\u0131, siyah ve k\u0131rm\u0131z\u0131 \u00e7izgili bir kazak ve kot pantolon giymi\u015fti. 11 ya\u015f\u0131na basan gen\u00e7 k\u0131z\u0131n t\u0131rnaklar\u0131nda da ilk kez a\u00e7\u0131k mavi ojeler g\u00f6ze \u00e7arpt\u0131.<\/p>\n<p>Art\u0131k \u00e7ocukluktan gen\u00e7 k\u0131zl\u0131\u011fa ge\u00e7en Prenses Charlotte\u2019un do\u011fum g\u00fcn\u00fc \u015ferefine daha \u00f6nce hi\u00e7 g\u00f6r\u00fclmemi\u015f bir videosu da payla\u015f\u0131ld\u0131.<\/p>\n<p>Galler Prensi ve Prensesi, sosyal medya payla\u015f\u0131m\u0131na &quot;Charlotte&#x27;a \u00e7ok mutlu bir 11. ya\u015f g\u00fcn\u00fc diliyoruz!&quot; notunu eklerken videoda Charlotte&#x27;\u0131n kraliyet ailesinin iki \u0130ngiliz Cocker Spaniel cinsi k\u00f6pe\u011fiyle birlikte plajda ge\u00e7irdi\u011fi bir g\u00fcn\u00fcn kesiti vard\u0131.<\/p>\n<p>12 ya\u015f\u0131nda Prens George ve 8 ya\u015f\u0131nda Prens Louis ad\u0131nda iki erkek karde\u015fi olan Charlotte William ve Kate&#x27;in ortanca \u00e7ocu\u011fu ve tek k\u0131zlar\u0131.<\/p>\n<p>Kraliyet kurallar\u0131 gere\u011fi William babas\u0131 Charles\u2019\u0131n yerine kral olup tahta ge\u00e7ecek ve onu da ilk do\u011fan \u00e7ocu\u011fu Prens George izleyecek.<\/p>\n<p>Charlotte \u015fu&#8230;<\/p>\n","protected":false},"excerpt":{"rendered":"<p>Bak\u0131\u015f\u0131, duru\u015fu ve giyini\u015fi annesinin kopyas\u0131 gibi oldu. Tipi ise b\u00fcy\u00fcd\u00fck\u00e7e babas\u0131n\u0131n gen\u00e7li\u011fine giderek daha fazla benzemeye ba\u015flad\u0131. D\u00fcnyan\u0131n en \u00fcnl\u00fc&#8230;<\/p>\n","protected":false},"author":2,"featured_media":32102,"comment_status":"open","ping_status":"open","sticky":false,"template":"","format":"standard","meta":{"footnotes":""},"categories":[6,5],"tags":[],"class_list":["post-32103","post","type-post","status-publish","format-standard","has-post-thumbnail","hentry","category-gundem","category-son-dakika"],"_links":{"self":[{"href":"https:\/\/eskigazeteci.com\/index.php?rest_route=\/wp\/v2\/posts\/32103","targetHints":{"allow":["GET"]}}],"collection":[{"href":"https:\/\/eskigazeteci.com\/index.php?rest_route=\/wp\/v2\/posts"}],"about":[{"href":"https:\/\/eskigazeteci.com\/index.php?rest_route=\/wp\/v2\/types\/post"}],"author":[{"embeddable":true,"href":"https:\/\/eskigazeteci.com\/index.php?rest_route=\/wp\/v2\/users\/2"}],"replies":[{"embeddable":true,"href":"https:\/\/eskigazeteci.com\/index.php?rest_route=%2Fwp%2Fv2%2Fcomments&post=32103"}],"version-history":[{"count":0,"href":"https:\/\/eskigazeteci.com\/index.php?rest_route=\/wp\/v2\/posts\/32103\/revisions"}],"wp:featuredmedia":[{"embeddable":true,"href":"https:\/\/eskigazeteci.com\/index.php?rest_route=\/wp\/v2\/media\/32102"}],"wp:attachment":[{"href":"https:\/\/eskigazeteci.com\/index.php?rest_route=%2Fwp%2Fv2%2Fmedia&parent=32103"}],"wp:term":[{"taxonomy":"category","embeddable":true,"href":"https:\/\/eskigazeteci.com\/index.php?rest_route=%2Fwp%2Fv2%2Fcategories&post=32103"},{"taxonomy":"post_tag","embeddable":true,"href":"https:\/\/eskigazeteci.com\/index.php?rest_route=%2Fwp%2Fv2%2Ftags&post=32103"}],"curies":[{"name":"wp","href":"https:\/\/api.w.org\/{rel}","templated":true}]}}