{"id":32097,"date":"2026-05-03T09:09:29","date_gmt":"2026-05-03T09:09:29","guid":{"rendered":"https:\/\/eskigazeteci.com\/?p=32097"},"modified":"2026-05-03T09:09:29","modified_gmt":"2026-05-03T09:09:29","slug":"fenerbahcede-isliklanan-edson-alvarezden-gece-yarisi-paylasim","status":"publish","type":"post","link":"https:\/\/eskigazeteci.com\/?p=32097","title":{"rendered":"Fenerbah\u00e7e&#8217;de \u0131sl\u0131klanan Edson Alvarez&#8217;den gece yar\u0131s\u0131 payla\u015f\u0131m!"},"content":{"rendered":"<p>S\u00fcper Lig\u2019in 32. haftas\u0131nda Fenerbah\u00e7e , konuk etti\u011fi Ba\u015fak\u015fehir \u2019i 3-1 yendi. Sar\u0131-lacivertlilere galibiyeti getiren golleri 28, 57 ve 72. dakikalarda Talisca kaydetti. Bu sonu\u00e7la birlikte sar\u0131-lacivertliler, lider Galatasaray &#x27;\u0131n kaybetti\u011fi haftada bitime iki ma\u00e7 kala puan fark\u0131n\u0131 4&#x27;e indirdi.<\/p>\n<p>Edson Alvarez , ma\u00e7\u0131n 90. dakikas\u0131nda oyuna dahil oldu. Taraftarlar\u0131n \u0131sl\u0131kl\u0131 protestosuyla kar\u015f\u0131la\u015fan Meksikal\u0131 futbolcu, ma\u00e7 bitiminde sahada kal\u0131p rejenerasyon idman\u0131 yapt\u0131.<\/p>\n<p>M\u00fccadele sonras\u0131 Alvarez, sosyal medya hesab\u0131ndan \u015fu payla\u015f\u0131m\u0131 yapt\u0131:<\/p>\n<p>&quot;Tanr\u0131 iyidir. Her zaman. Zamanlamas\u0131 m\u00fckemmeldir, asla erken de\u011fil, asla ge\u00e7 de\u011fil. \u00c7ok \u00f6zledim.&quot;<\/p>\n<p>T\u00fcrkiye&#x27;den ve D\u00fcnya\u2019dan son dakika haberleri, k\u00f6\u015fe yaz\u0131lar\u0131, magazinden siyasete, spordan seyahate b\u00fct\u00fcn konular\u0131n tek adresi Hurriyet.com.tr haber i\u00e7erikleri izin al\u0131nmadan, kaynak g\u00f6sterilerek dahi iktibas edilemez. Kanuna ayk\u0131r\u0131 ve izinsiz olarak kopyalanamaz, ba\u015fka yerde yay\u0131nlanamaz.<\/p>\n","protected":false},"excerpt":{"rendered":"<p>S\u00fcper Lig&#8217;in 32. haftas\u0131nda evinde Ba\u015fak\u015fehir&#8217;i 3-1 ma\u011flup eden Fenerbah\u00e7e&#8217;de ligde \u015fubat ay\u0131ndan sonra ilk kez s\u00fcre bulan Edson Alvarez, taraftar\u0131n&#8230;<\/p>\n","protected":false},"author":2,"featured_media":32096,"comment_status":"open","ping_status":"open","sticky":false,"template":"","format":"standard","meta":{"footnotes":""},"categories":[5,7],"tags":[],"class_list":["post-32097","post","type-post","status-publish","format-standard","has-post-thumbnail","hentry","category-son-dakika","category-spor"],"_links":{"self":[{"href":"https:\/\/eskigazeteci.com\/index.php?rest_route=\/wp\/v2\/posts\/32097","targetHints":{"allow":["GET"]}}],"collection":[{"href":"https:\/\/eskigazeteci.com\/index.php?rest_route=\/wp\/v2\/posts"}],"about":[{"href":"https:\/\/eskigazeteci.com\/index.php?rest_route=\/wp\/v2\/types\/post"}],"author":[{"embeddable":true,"href":"https:\/\/eskigazeteci.com\/index.php?rest_route=\/wp\/v2\/users\/2"}],"replies":[{"embeddable":true,"href":"https:\/\/eskigazeteci.com\/index.php?rest_route=%2Fwp%2Fv2%2Fcomments&post=32097"}],"version-history":[{"count":0,"href":"https:\/\/eskigazeteci.com\/index.php?rest_route=\/wp\/v2\/posts\/32097\/revisions"}],"wp:featuredmedia":[{"embeddable":true,"href":"https:\/\/eskigazeteci.com\/index.php?rest_route=\/wp\/v2\/media\/32096"}],"wp:attachment":[{"href":"https:\/\/eskigazeteci.com\/index.php?rest_route=%2Fwp%2Fv2%2Fmedia&parent=32097"}],"wp:term":[{"taxonomy":"category","embeddable":true,"href":"https:\/\/eskigazeteci.com\/index.php?rest_route=%2Fwp%2Fv2%2Fcategories&post=32097"},{"taxonomy":"post_tag","embeddable":true,"href":"https:\/\/eskigazeteci.com\/index.php?rest_route=%2Fwp%2Fv2%2Ftags&post=32097"}],"curies":[{"name":"wp","href":"https:\/\/api.w.org\/{rel}","templated":true}]}}