{"id":32095,"date":"2026-05-03T09:01:07","date_gmt":"2026-05-03T09:01:07","guid":{"rendered":"https:\/\/eskigazeteci.com\/?p=32095"},"modified":"2026-05-03T09:01:07","modified_gmt":"2026-05-03T09:01:07","slug":"kumlarin-altindaki-sir-piramitlerdeki-gelisme-bilim-dunyasini-ikiye-boldu-bu-kez-farkli-olan-nedir","status":"publish","type":"post","link":"https:\/\/eskigazeteci.com\/?p=32095","title":{"rendered":"Kumlar\u0131n alt\u0131ndaki s\u0131r! Piramitlerdeki geli\u015fme bilim d\u00fcnyas\u0131n\u0131 ikiye b\u00f6ld\u00fc\u2026 Bu kez farkl\u0131 olan nedir?"},"content":{"rendered":"<p>M\u0131s\u0131r\u2019daki Gize Platosu bu kez \u201cikinci Sfenks\u201d iddias\u0131yla g\u00fcndemde. B\u00f6lgedeki gizemli bir tepenin \u00e7evresinde \u00e7ok say\u0131da derin kuyu bulundu\u011funu g\u00f6steren yeni g\u00f6r\u00fcnt\u00fcler, y\u0131llard\u0131r zaman zaman ortaya at\u0131lan bu tart\u0131\u015fmay\u0131 yeniden canland\u0131rd\u0131. G\u00fcndeme gelen g\u00f6r\u00fcnt\u00fcler, Gize Platosu\u2019nun kuzeybat\u0131 b\u00f6l\u00fcm\u00fcnde, bat\u0131 mezarl\u0131\u011f\u0131na yak\u0131n bir alanda \u00e7ekildi. Bu b\u00f6lge zaten tarih boyunca mezar \u015faftlar\u0131, kaya oyma yap\u0131lar ve antik defin kompleksleriyle bilinen bir nokta. Tart\u0131\u015fmay\u0131 b\u00fcy\u00fcten unsur ise, s\u00f6z konusu tepenin etraf\u0131nda k\u00fcmelenmi\u015f \u00e7ok say\u0131da dikey kuyunun bir arada g\u00f6r\u00fclmesi oldu. \u0130ddiay\u0131 savunan ara\u015ft\u0131rmac\u0131lar, bu yo\u011funlu\u011fun s\u0131radan mezar d\u00fczeninden fazlas\u0131na i\u015faret edebilece\u011fini \u00f6ne s\u00fcr\u00fcyor. Buna kar\u015f\u0131l\u0131k M\u0131s\u0131rl\u0131 arkeolog Zahi Hawass, Gize \u00e7evresinin onlarca y\u0131ld\u0131r kapsaml\u0131 bi\u00e7imde incelendi\u011fini ve ikinci bir Sfenks\u2019e i\u015faret edecek iz bulunmad\u0131\u011f\u0131n\u0131 a\u00e7\u0131k\u00e7a s\u00f6yl\u00fcyor.<\/p>\n<p>G\u00d6R\u00dcNT\u00dcLERDE NE VAR?<\/p>\n<p>Ara\u015ft\u0131rmac\u0131n\u0131n yeni yay\u0131nlad\u0131\u011f\u0131 videoda tepenin \u00e7evresinde y\u00fcr\u00fcrken kaya i\u00e7ine oyulmu\u015f kare bi\u00e7imli \u00e7ok say\u0131da kuyunun yan\u0131ndan ge\u00e7ti\u011fi g\u00f6r\u00fcl\u00fcyor. Bu a\u00e7\u0131kl\u0131klardan baz\u0131lar\u0131n\u0131n dar, baz\u0131lar\u0131n\u0131n ise daha geni\u015f oldu\u011fu; \u00e7o\u011funun bug\u00fcn kumla dolu oldu\u011fu aktar\u0131l\u0131yor. \u0130ddiaya g\u00f6re bu kuyular\u0131n bir b\u00f6l\u00fcm\u00fc&#8230;<\/p>\n","protected":false},"excerpt":{"rendered":"<p>Gize Platosu\u2019nda gizemli bir tepenin \u00e7evresinde g\u00f6r\u00fclen \u00e7ok say\u0131daki derin kuyu, \u201cikinci Sfenks\u201d iddias\u0131n\u0131 yeniden g\u00fcndeme ta\u015f\u0131d\u0131. Yer alt\u0131ndaki anomali&#8230;<\/p>\n","protected":false},"author":2,"featured_media":32094,"comment_status":"open","ping_status":"open","sticky":false,"template":"","format":"standard","meta":{"footnotes":""},"categories":[6,5],"tags":[],"class_list":["post-32095","post","type-post","status-publish","format-standard","has-post-thumbnail","hentry","category-gundem","category-son-dakika"],"_links":{"self":[{"href":"https:\/\/eskigazeteci.com\/index.php?rest_route=\/wp\/v2\/posts\/32095","targetHints":{"allow":["GET"]}}],"collection":[{"href":"https:\/\/eskigazeteci.com\/index.php?rest_route=\/wp\/v2\/posts"}],"about":[{"href":"https:\/\/eskigazeteci.com\/index.php?rest_route=\/wp\/v2\/types\/post"}],"author":[{"embeddable":true,"href":"https:\/\/eskigazeteci.com\/index.php?rest_route=\/wp\/v2\/users\/2"}],"replies":[{"embeddable":true,"href":"https:\/\/eskigazeteci.com\/index.php?rest_route=%2Fwp%2Fv2%2Fcomments&post=32095"}],"version-history":[{"count":0,"href":"https:\/\/eskigazeteci.com\/index.php?rest_route=\/wp\/v2\/posts\/32095\/revisions"}],"wp:featuredmedia":[{"embeddable":true,"href":"https:\/\/eskigazeteci.com\/index.php?rest_route=\/wp\/v2\/media\/32094"}],"wp:attachment":[{"href":"https:\/\/eskigazeteci.com\/index.php?rest_route=%2Fwp%2Fv2%2Fmedia&parent=32095"}],"wp:term":[{"taxonomy":"category","embeddable":true,"href":"https:\/\/eskigazeteci.com\/index.php?rest_route=%2Fwp%2Fv2%2Fcategories&post=32095"},{"taxonomy":"post_tag","embeddable":true,"href":"https:\/\/eskigazeteci.com\/index.php?rest_route=%2Fwp%2Fv2%2Ftags&post=32095"}],"curies":[{"name":"wp","href":"https:\/\/api.w.org\/{rel}","templated":true}]}}