{"id":32093,"date":"2026-05-03T08:59:32","date_gmt":"2026-05-03T08:59:32","guid":{"rendered":"https:\/\/eskigazeteci.com\/?p=32093"},"modified":"2026-05-03T08:59:32","modified_gmt":"2026-05-03T08:59:32","slug":"vakifbank-4","status":"publish","type":"post","link":"https:\/\/eskigazeteci.com\/?p=32093","title":{"rendered":"Vak\u0131fBank"},"content":{"rendered":"<p>Turuncu-beyazl\u0131 tak\u0131m, finalde bir di\u011fer T\u00fcrk ekibi Vak\u0131fBank ile kar\u015f\u0131la\u015facak. CEV Zeren Group \u015eampiyonlar Ligi D\u00f6rtl\u00fc Finali&#x27;nde rakiplerini saf d\u0131\u015f\u0131 b\u0131rakan Vak\u0131fBank ile Eczac\u0131ba\u015f\u0131 Dynavit, bug\u00fcn finalde kozlar\u0131n\u0131 payla\u015facak. Vak\u0131fBank- Eczac\u0131ba\u015f\u0131 final ma\u00e7\u0131 ne zaman, saat ka\u00e7ta, hangi kanalda? CEV \u015eampiyonlar Ligi Vak\u0131fBank Eczac\u0131ba\u015f\u0131 ma\u00e7\u0131 canl\u0131 yay\u0131n detaylar\u0131&#8230;<\/p>\n<p>VAKIFBANK-ECZACIBA\u015eI F\u0130NAL MA\u00c7I NE ZAMAN, SAAT KA\u00c7TA, HANG\u0130 KANALDA?<\/p>\n<p>Vak\u0131fBank &#8211; Eczac\u0131ba\u015f\u0131 Dynavit voleybol ma\u00e7\u0131 3 May\u0131s Pazar saat 20.00&#x27;da oynanacak. Kar\u015f\u0131la\u015fma TRT Spor ekranlar\u0131ndan naklen yay\u0131nlanacak.<\/p>\n<p>CEV \u015eampiyonlar Ligi&#x27;nde T\u00fcrk finali<\/p>\n<p>A. Carraro Imoco&#x27;yu 3-2 yenen Vak\u0131fBank, CEV \u015eampiyonlar Ligi&#x27;ndeki 7. \u015fampiyonlu\u011funu \u0130stanbul&#x27;da kazanmaya \u00e7al\u0131\u015facak. Sar\u0131-siyahl\u0131 tak\u0131m, organizasyonda 2011, 2013, 2017, 2018, 2022 ve 2023&#x27;te \u015fampiyonluk ipini g\u00f6\u011f\u00fcsledi.<\/p>\n<p>\u0130talyan ba\u015fantren\u00f6r Giovanni Guidetti&#x27;nin \u00e7al\u0131\u015ft\u0131rd\u0131\u011f\u0131 sar\u0131-siyahl\u0131lar, bu sezon nama\u011flup \u015fekilde finale y\u00fckseldi. Vak\u0131fBank, kupay\u0131 kazanmas\u0131 halinde turnuvan\u0131n en \u00e7ok \u015fampiyon olan \u00fc\u00e7\u00fcnc\u00fc tak\u0131m\u0131 Volley Bergamo&#x27;yu (7) yakalayacak.<\/p>\n<p>Savino Del Bene&#x27;yi 3-2 ile ge\u00e7en Eczac\u0131ba\u015f\u0131 Dynavit ise CEV \u015eampiyonlar Ligi&#x27;nde 2. kez kupay\u0131 m\u00fczesine g\u00f6t\u00fcrmek i\u00e7in&#8230;<\/p>\n","protected":false},"excerpt":{"rendered":"<p>CEV \u015eampiyonlar Ligi Vak\u0131fBank Eczac\u0131ba\u015f\u0131 final ma\u00e7\u0131 i\u00e7in geri say\u0131m ba\u015flad\u0131. Voleybol Kad\u0131nlar CEV Zeren Group \u015eampiyonlar Ligi D\u00f6rtl\u00fc Final&#8230;<\/p>\n","protected":false},"author":2,"featured_media":32092,"comment_status":"open","ping_status":"open","sticky":false,"template":"","format":"standard","meta":{"footnotes":""},"categories":[5,7],"tags":[],"class_list":["post-32093","post","type-post","status-publish","format-standard","has-post-thumbnail","hentry","category-son-dakika","category-spor"],"_links":{"self":[{"href":"https:\/\/eskigazeteci.com\/index.php?rest_route=\/wp\/v2\/posts\/32093","targetHints":{"allow":["GET"]}}],"collection":[{"href":"https:\/\/eskigazeteci.com\/index.php?rest_route=\/wp\/v2\/posts"}],"about":[{"href":"https:\/\/eskigazeteci.com\/index.php?rest_route=\/wp\/v2\/types\/post"}],"author":[{"embeddable":true,"href":"https:\/\/eskigazeteci.com\/index.php?rest_route=\/wp\/v2\/users\/2"}],"replies":[{"embeddable":true,"href":"https:\/\/eskigazeteci.com\/index.php?rest_route=%2Fwp%2Fv2%2Fcomments&post=32093"}],"version-history":[{"count":0,"href":"https:\/\/eskigazeteci.com\/index.php?rest_route=\/wp\/v2\/posts\/32093\/revisions"}],"wp:featuredmedia":[{"embeddable":true,"href":"https:\/\/eskigazeteci.com\/index.php?rest_route=\/wp\/v2\/media\/32092"}],"wp:attachment":[{"href":"https:\/\/eskigazeteci.com\/index.php?rest_route=%2Fwp%2Fv2%2Fmedia&parent=32093"}],"wp:term":[{"taxonomy":"category","embeddable":true,"href":"https:\/\/eskigazeteci.com\/index.php?rest_route=%2Fwp%2Fv2%2Fcategories&post=32093"},{"taxonomy":"post_tag","embeddable":true,"href":"https:\/\/eskigazeteci.com\/index.php?rest_route=%2Fwp%2Fv2%2Ftags&post=32093"}],"curies":[{"name":"wp","href":"https:\/\/api.w.org\/{rel}","templated":true}]}}