{"id":32091,"date":"2026-05-03T08:54:09","date_gmt":"2026-05-03T08:54:09","guid":{"rendered":"https:\/\/eskigazeteci.com\/?p=32091"},"modified":"2026-05-03T08:54:09","modified_gmt":"2026-05-03T08:54:09","slug":"is-insani-villa-yaptiracakti","status":"publish","type":"post","link":"https:\/\/eskigazeteci.com\/?p=32091","title":{"rendered":"\u0130\u015f insan\u0131 villa yapt\u0131racakt\u0131"},"content":{"rendered":"<p>Merkez Mezitli il\u00e7esine ba\u011fl\u0131 Mezitli Mahallesi\u2019nde 2002 y\u0131l\u0131nda belediye taraf\u0131ndan yol a\u00e7ma \u00e7al\u0131\u015fmas\u0131 s\u0131ras\u0131nda tarihi eser oldu\u011fu de\u011ferlendirilen kal\u0131nt\u0131lar \u00e7\u0131kt\u0131. Mersin M\u00fcze M\u00fcd\u00fcrl\u00fc\u011f\u00fc&#x27;ne bildirilmesi \u00fczerine b\u00f6lgeye gelen ekipler, kaz\u0131 \u00e7al\u0131\u015fmas\u0131 ba\u015flatt\u0131. Kaz\u0131 \u00e7al\u0131\u015fmalar\u0131 sonras\u0131 alanda Roma d\u00f6nemine ait lahitler bulundu. \u0130ddiaya g\u00f6re, kaz\u0131 alan\u0131na biti\u015fik 3\u2019\u00fcnc\u00fc Derece Arkeolojik Sit Alan\u0131 olan yakla\u015f\u0131k 2,5 d\u00f6n\u00fcml\u00fck parsel, 2013 y\u0131l\u0131nda bir i\u015f insan\u0131 taraf\u0131ndan sat\u0131n al\u0131nd\u0131.<\/p>\n<p>\u0130\u015f insan\u0131, 2020 y\u0131l\u0131nda s\u00f6z konusu parselde 4 adet villa yapmak i\u00e7in belediyeye ruhsat ba\u015fvurusunda bulundu. Ba\u015fvuruyu de\u011ferlendiren belediye, Mersin M\u00fcze M\u00fcd\u00fcrl\u00fc\u011f\u00fc&#x27;nden kurum g\u00f6r\u00fc\u015f\u00fc istedi. Belediyenin talebi \u00fczerine Mersin M\u00fcze M\u00fcd\u00fcrl\u00fc\u011f\u00fc s\u00f6z konusu alanda 13 ayr\u0131 sondaj \u00e7al\u0131\u015fmas\u0131 yapt\u0131. 23 g\u00fcn s\u00fcren sondaj kaz\u0131lar\u0131nda et\u00fctl\u00fck olarak de\u011ferlendirilen, yo\u011fun \u015fekilde korozyona u\u011fram\u0131\u015f 3 adet bronz sikke \u00e7\u0131kt\u0131. Ayr\u0131ca 1 ve 9 numaral\u0131 sondaj \u00e7ukurlar\u0131nda da ta\u015f\u0131n\u0131r k\u00fclt\u00fcr varl\u0131\u011f\u0131 saptand\u0131. Bunlar\u0131n d\u0131\u015f\u0131nda kalan t\u00fcm sondaj \u00e7ukurlar\u0131nda ta\u015f\u0131n\u0131r veya ta\u015f\u0131nmaz herhangi bir k\u00fclt\u00fcr varl\u0131\u011f\u0131na rastlanmad\u0131. Elde edilen bulgular do\u011frultusunda M\u00fcze M\u00fcd\u00fcr\u00fc S.C.B. ve m\u00fcze ara\u015ft\u0131rmac\u0131s\u0131 M.D.\u2019nin imzas\u0131n\u0131n bulundu\u011fu&#8230;<\/p>\n","protected":false},"excerpt":{"rendered":"<p>Mersin\u2019nde Soli Pompeipolis Antik Kenti i\u00e7inde kalan ve 2021 y\u0131l\u0131nda villa in\u015faat\u0131 izni verilen arsada, ikinci kez yap\u0131lan kurtarma kaz\u0131lar\u0131nda 8 Roma mezar\u0131&#8230;<\/p>\n","protected":false},"author":2,"featured_media":32090,"comment_status":"open","ping_status":"open","sticky":false,"template":"","format":"standard","meta":{"footnotes":""},"categories":[6,5],"tags":[],"class_list":["post-32091","post","type-post","status-publish","format-standard","has-post-thumbnail","hentry","category-gundem","category-son-dakika"],"_links":{"self":[{"href":"https:\/\/eskigazeteci.com\/index.php?rest_route=\/wp\/v2\/posts\/32091","targetHints":{"allow":["GET"]}}],"collection":[{"href":"https:\/\/eskigazeteci.com\/index.php?rest_route=\/wp\/v2\/posts"}],"about":[{"href":"https:\/\/eskigazeteci.com\/index.php?rest_route=\/wp\/v2\/types\/post"}],"author":[{"embeddable":true,"href":"https:\/\/eskigazeteci.com\/index.php?rest_route=\/wp\/v2\/users\/2"}],"replies":[{"embeddable":true,"href":"https:\/\/eskigazeteci.com\/index.php?rest_route=%2Fwp%2Fv2%2Fcomments&post=32091"}],"version-history":[{"count":0,"href":"https:\/\/eskigazeteci.com\/index.php?rest_route=\/wp\/v2\/posts\/32091\/revisions"}],"wp:featuredmedia":[{"embeddable":true,"href":"https:\/\/eskigazeteci.com\/index.php?rest_route=\/wp\/v2\/media\/32090"}],"wp:attachment":[{"href":"https:\/\/eskigazeteci.com\/index.php?rest_route=%2Fwp%2Fv2%2Fmedia&parent=32091"}],"wp:term":[{"taxonomy":"category","embeddable":true,"href":"https:\/\/eskigazeteci.com\/index.php?rest_route=%2Fwp%2Fv2%2Fcategories&post=32091"},{"taxonomy":"post_tag","embeddable":true,"href":"https:\/\/eskigazeteci.com\/index.php?rest_route=%2Fwp%2Fv2%2Ftags&post=32091"}],"curies":[{"name":"wp","href":"https:\/\/api.w.org\/{rel}","templated":true}]}}