{"id":32089,"date":"2026-05-03T08:52:35","date_gmt":"2026-05-03T08:52:35","guid":{"rendered":"https:\/\/eskigazeteci.com\/?p=32089"},"modified":"2026-05-03T08:52:35","modified_gmt":"2026-05-03T08:52:35","slug":"icisleri-bakani-ciftciden-trafik-haftasi-paylasimi-kural-hayati-korur-ihmal-ise-telafisi-olmayan-sonuclar-dogurur","status":"publish","type":"post","link":"https:\/\/eskigazeteci.com\/?p=32089","title":{"rendered":"\u0130\u00e7i\u015fleri Bakan\u0131 \u00c7ift\u00e7i&#8217;den trafik haftas\u0131 payla\u015f\u0131m\u0131: Kural, hayat\u0131 korur, ihmal ise telafisi olmayan sonu\u00e7lar do\u011furur"},"content":{"rendered":"<p>\u0130\u00e7i\u015fleri Bakan\u0131 Mustafa \u00c7ift\u00e7i, &quot;Al\u0131nan tedbirler, yap\u0131lan denetimler ve sahadaki kararl\u0131 \u00e7al\u0131\u015fmalar neticesinde trafik g\u00fcvenli\u011finde somut bir iyile\u015fme sa\u011flanmaktad\u0131r. 1 Ocak-30 Nisan aras\u0131nda bir \u00f6nceki y\u0131l\u0131n ayn\u0131 d\u00f6nemine g\u00f6re; denetimler y\u00fczde 6,6 artarken, i\u015flem yap\u0131lan ara\u00e7 say\u0131s\u0131 y\u00fczde 14,1 azalm\u0131\u015ft\u0131r. \u00d6l\u00fcml\u00fc kazalar y\u00fczde 17,8, g\u00fcnl\u00fck can kay\u0131plar\u0131 ise y\u00fczde 10 oran\u0131nda d\u00fc\u015f\u00fc\u015f g\u00f6stermi\u015ftir&quot; dedi.<\/p>\n<p>&quot;KURAL, HAYATI KORUR, \u0130HMAL \u0130SE TELAF\u0130S\u0130 OLMAYAN SONU\u00c7LAR DO\u011eURUR&quot;<\/p>\n<p>\u0130\u00e7i\u015fleri Bakan\u0131 Mustafa \u00c7ift\u00e7i, 2-8 May\u0131s Trafik Haftas\u0131 &#x27;na ili\u015fkin sanal medya hesab\u0131ndan a\u00e7\u0131klama yapt\u0131. Bakan \u00c7ift\u00e7i, &quot;Trafik; sadece ara\u00e7lar\u0131n de\u011fil, hayatlar\u0131n kesi\u015fti\u011fi bir aland\u0131r. Direksiyon ba\u015f\u0131na her ge\u00e7i\u015fimizde, yaln\u0131zca kendimizin de\u011fil; sevdiklerine kavu\u015fmak isteyen binlerce insan\u0131n da sorumlulu\u011funu omuzlar\u0131m\u0131zda ta\u015f\u0131r\u0131z. Trafik Haftas\u0131 vesilesiyle ifade etmek isterim ki al\u0131nan tedbirler, yap\u0131lan denetimler ve sahadaki kararl\u0131 \u00e7al\u0131\u015fmalar neticesinde trafik g\u00fcvenli\u011finde somut bir iyile\u015fme sa\u011flanmaktad\u0131r. Nitekim 1 Ocak-30 Nisan tarihleri aras\u0131nda bir \u00f6nceki y\u0131l\u0131n ayn\u0131 d\u00f6nemine g\u00f6re; denetimler y\u00fczde 6,6 artarken, i\u015flem yap\u0131lan ara\u00e7 say\u0131s\u0131 y\u00fczde 14,1 azalm\u0131\u015ft\u0131r. Ayn\u0131 d\u00f6nemde \u00f6l\u00fcml\u00fc kazalar y\u00fczde 17,8,&#8230;<\/p>\n","protected":false},"excerpt":{"rendered":"<p>\u0130\u00e7i\u015fleri Bakan\u0131 Mustafa \u00c7ift\u00e7i, 2-8 May\u0131s Trafik Haftas\u0131 kapsam\u0131nda yapt\u0131\u011f\u0131 payla\u015f\u0131mda Kural, hayat\u0131 korur, ihmal ise telafisi olmayan sonu\u00e7lar do\u011furur. dedi.<\/p>\n","protected":false},"author":2,"featured_media":32088,"comment_status":"open","ping_status":"open","sticky":false,"template":"","format":"standard","meta":{"footnotes":""},"categories":[6,5],"tags":[],"class_list":["post-32089","post","type-post","status-publish","format-standard","has-post-thumbnail","hentry","category-gundem","category-son-dakika"],"_links":{"self":[{"href":"https:\/\/eskigazeteci.com\/index.php?rest_route=\/wp\/v2\/posts\/32089","targetHints":{"allow":["GET"]}}],"collection":[{"href":"https:\/\/eskigazeteci.com\/index.php?rest_route=\/wp\/v2\/posts"}],"about":[{"href":"https:\/\/eskigazeteci.com\/index.php?rest_route=\/wp\/v2\/types\/post"}],"author":[{"embeddable":true,"href":"https:\/\/eskigazeteci.com\/index.php?rest_route=\/wp\/v2\/users\/2"}],"replies":[{"embeddable":true,"href":"https:\/\/eskigazeteci.com\/index.php?rest_route=%2Fwp%2Fv2%2Fcomments&post=32089"}],"version-history":[{"count":0,"href":"https:\/\/eskigazeteci.com\/index.php?rest_route=\/wp\/v2\/posts\/32089\/revisions"}],"wp:featuredmedia":[{"embeddable":true,"href":"https:\/\/eskigazeteci.com\/index.php?rest_route=\/wp\/v2\/media\/32088"}],"wp:attachment":[{"href":"https:\/\/eskigazeteci.com\/index.php?rest_route=%2Fwp%2Fv2%2Fmedia&parent=32089"}],"wp:term":[{"taxonomy":"category","embeddable":true,"href":"https:\/\/eskigazeteci.com\/index.php?rest_route=%2Fwp%2Fv2%2Fcategories&post=32089"},{"taxonomy":"post_tag","embeddable":true,"href":"https:\/\/eskigazeteci.com\/index.php?rest_route=%2Fwp%2Fv2%2Ftags&post=32089"}],"curies":[{"name":"wp","href":"https:\/\/api.w.org\/{rel}","templated":true}]}}