{"id":32087,"date":"2026-05-03T08:51:00","date_gmt":"2026-05-03T08:51:00","guid":{"rendered":"https:\/\/eskigazeteci.com\/?p=32087"},"modified":"2026-05-03T08:51:00","modified_gmt":"2026-05-03T08:51:00","slug":"turkiyeden-savunmada-pes-pese-hamleler-mizrak-k2-ve-sivrisinek-dis-basini-hayran-birakti","status":"publish","type":"post","link":"https:\/\/eskigazeteci.com\/?p=32087","title":{"rendered":"T\u00fcrkiye&#8217;den savunmada pe\u015f pe\u015fe hamleler: MIZRAK, K2 ve Sivrisinek d\u0131\u015f bas\u0131n\u0131 hayran b\u0131rakt\u0131"},"content":{"rendered":"<p>T\u00fcrkiye&#x27;nin yapay zeka destekli yeni &#x27;kamikaze&#x27; insans\u0131z hava ara\u00e7lar\u0131, koordineli s\u00fcr\u00fc operasyonlar\u0131, hassas vuru\u015f kabiliyeti ve elektronik sald\u0131r\u0131lara kar\u015f\u0131 diren\u00e7 gibi \u00f6zellikleriyle modern sava\u015fta \u00f6nemli bir avantaj sa\u011fl\u0131yor.<\/p>\n<p>Ge\u00e7ti\u011fimiz y\u0131l boyunca ve ABD ile \u0130srail aras\u0131nda \u0130ran&#x27;la ya\u015fanan iki \u00e7at\u0131\u015fma sonras\u0131nda T\u00fcrkiye, Tahran y\u00f6netiminin kulland\u0131\u011f\u0131 intihar dronlar\u0131n\u0131n etkinli\u011fini yak\u0131ndan g\u00f6zlemleme \u015fans\u0131 buldu. Ankara, bu g\u00f6zlemlerin ard\u0131ndan sava\u015fta bu t\u00fcr ara\u00e7lar\u0131 nas\u0131l daha \u00fcst\u00fcn bir stratejiyle kullanabilece\u011fine odakland\u0131.<\/p>\n<p>MIZRAK Ak\u0131ll\u0131 Dolanan M\u00fchimmat<\/p>\n<p>The Middle East Eye&#x27;\u0131n (MEE) haberinde, yeni platformlar\u0131n \u00f6zellikle \u0130ran&#x27;\u0131n Shahed serisi dronlarla elde etti\u011fi ba\u015far\u0131n\u0131n \u00e7ok \u00f6tesinde bir teknolojiye i\u015faret etti\u011fi vurguland\u0131. T\u00fcrkiye&#x27;nin geli\u015ftirdi\u011fi otonom sistemlerin \u00e7o\u011fu alanda rakipsiz oldu\u011fu ifade edilen haberde, Baykar&#x27;\u0131n K2, Sivrisinek ve MIZRAK&#x27;\u0131 koordineli s\u00fcr\u00fc sald\u0131r\u0131lar d\u00fczenleyecek \u015fekilde birbirine entegre etmeyi planlad\u0131\u011f\u0131 kaydedildi.<\/p>\n<p>Sivrisinek m\u00fchimmat\u0131 y\u00fckl\u00fc yeni nesil kamikaze \u0130HA K2<\/p>\n<p>&quot;\u0130RAN&#x27;IN SHAHED&#x27;LER\u0130NE RAK\u0130P&quot;<\/p>\n<p>Skydagger, T\u00fcrk Havac\u0131l\u0131k ve Uzay Sanayii (TUSA\u015e) ve Baykar gibi bir\u00e7ok T\u00fcrk silah \u015firketi, \u0130ran&#x27;\u0131n Shahed&#x27;ine benzer \u0130HA&#x27;lar&#8230;<\/p>\n","protected":false},"excerpt":{"rendered":"<p>Baykar, 1000 kilometreden uzun menzile sahip MIZRAK Ak\u0131ll\u0131 Dolanan M\u00fchimmat Sistemi&#8217;ni tan\u0131tt\u0131. Yapay zeka destekli MIZRAK sistemi, d\u0131\u015f bas\u0131nda dikkatleri&#8230;<\/p>\n","protected":false},"author":2,"featured_media":32086,"comment_status":"open","ping_status":"open","sticky":false,"template":"","format":"standard","meta":{"footnotes":""},"categories":[6,5],"tags":[],"class_list":["post-32087","post","type-post","status-publish","format-standard","has-post-thumbnail","hentry","category-gundem","category-son-dakika"],"_links":{"self":[{"href":"https:\/\/eskigazeteci.com\/index.php?rest_route=\/wp\/v2\/posts\/32087","targetHints":{"allow":["GET"]}}],"collection":[{"href":"https:\/\/eskigazeteci.com\/index.php?rest_route=\/wp\/v2\/posts"}],"about":[{"href":"https:\/\/eskigazeteci.com\/index.php?rest_route=\/wp\/v2\/types\/post"}],"author":[{"embeddable":true,"href":"https:\/\/eskigazeteci.com\/index.php?rest_route=\/wp\/v2\/users\/2"}],"replies":[{"embeddable":true,"href":"https:\/\/eskigazeteci.com\/index.php?rest_route=%2Fwp%2Fv2%2Fcomments&post=32087"}],"version-history":[{"count":0,"href":"https:\/\/eskigazeteci.com\/index.php?rest_route=\/wp\/v2\/posts\/32087\/revisions"}],"wp:featuredmedia":[{"embeddable":true,"href":"https:\/\/eskigazeteci.com\/index.php?rest_route=\/wp\/v2\/media\/32086"}],"wp:attachment":[{"href":"https:\/\/eskigazeteci.com\/index.php?rest_route=%2Fwp%2Fv2%2Fmedia&parent=32087"}],"wp:term":[{"taxonomy":"category","embeddable":true,"href":"https:\/\/eskigazeteci.com\/index.php?rest_route=%2Fwp%2Fv2%2Fcategories&post=32087"},{"taxonomy":"post_tag","embeddable":true,"href":"https:\/\/eskigazeteci.com\/index.php?rest_route=%2Fwp%2Fv2%2Ftags&post=32087"}],"curies":[{"name":"wp","href":"https:\/\/api.w.org\/{rel}","templated":true}]}}