{"id":32079,"date":"2026-05-03T08:31:00","date_gmt":"2026-05-03T08:31:00","guid":{"rendered":"https:\/\/eskigazeteci.com\/?p=32079"},"modified":"2026-05-03T08:31:00","modified_gmt":"2026-05-03T08:31:00","slug":"sultangazide-2-grup-arasinda-kavga-aileler-de-dahil-oldu-biber-gaziyla-mudahale-edildi","status":"publish","type":"post","link":"https:\/\/eskigazeteci.com\/?p=32079","title":{"rendered":"Sultangazi&#8217;de 2 grup aras\u0131nda kavga, aileler de dahil oldu, biber gaz\u0131yla m\u00fcdahale edildi"},"content":{"rendered":"<p>Kavga, d\u00fcn saat 19.30 s\u0131ralar\u0131nda 50. Y\u0131l Mahallesi&#x27;nde meydana geldi. \u0130ddiaya g\u00f6re, sokakta 2 grup aras\u0131nda bilinmeyen bir nedenle tart\u0131\u015fma ba\u015flad\u0131. Ailelerin de dahil olmas\u0131yla tart\u0131\u015fma k\u0131sa s\u00fcrede kavgaya d\u00f6n\u00fc\u015ft\u00fc. Aile fertleri, sokak ortas\u0131nda hakaret edip, birbirlerine tekme ve yumruklarla sald\u0131rd\u0131. Kavga s\u0131ras\u0131nda taraflardan birinin silahla ate\u015f a\u00e7t\u0131\u011f\u0131 \u00f6\u011frenildi. Silah seslerini duyan \u00e7evre sakinlerinin ihbar\u0131 \u00fczerine olay yerine \u00e7ok say\u0131da polis ekibi sevk edildi. 1 K\u0130\u015e\u0130 G\u00d6ZALTINA ALINDI<\/p>\n<p>Polis ekipleri bir t\u00fcrl\u00fc sakinle\u015fmeyen kalabal\u0131k gruba biber gaz\u0131yla m\u00fcdahale etti. Kavga s\u0131ras\u0131nda yaralanan olmad\u0131\u011f\u0131 \u00f6\u011frenilirken, silahla ate\u015f a\u00e7t\u0131\u011f\u0131 belirlenen 1 ki\u015fi g\u00f6zalt\u0131na al\u0131nd\u0131. Ya\u015fananlar \u00e7evredeki vatanda\u015flar\u0131n cep telefonu kameras\u0131yla kaydedildi. G\u00f6r\u00fcnt\u00fclerde, k\u00fc\u00e7\u00fck bir grubun tart\u0131\u015fmaya ba\u015flad\u0131\u011f\u0131, ard\u0131ndan taraflar\u0131n giderek kalabal\u0131kla\u015ft\u0131\u011f\u0131, ailelerin de dahil olmas\u0131yla birbirlerine tekme ve yumruklarla sald\u0131rd\u0131\u011f\u0131 anlar g\u00f6r\u00fcl\u00fcyor. G\u00f6r\u00fcnt\u00fclerde polis ekiplerinin kavga eden taraflara biber gaz\u0131yla m\u00fcdahale etti\u011fi anlar da yer al\u0131yor.<\/p>\n<p>T\u00fcrkiye g\u00fcndeminden son dakika haberleri, bug\u00fcn ya\u015fanan en son geli\u015fmeler, siyaset g\u00fcndeminden g\u00fcncel haberler ve b\u00fct\u00fcn son dakika haberleri&#8230;<\/p>\n","protected":false},"excerpt":{"rendered":"<p>Sultangazi&#8217;de 2 grup aras\u0131nda ba\u015flayan tart\u0131\u015fma k\u0131sa s\u00fcrede kavgaya d\u00f6n\u00fc\u015ft\u00fc. Kavgaya aileler de dahil oldu. Bu s\u0131rada silahla ate\u015f a\u00e7an 1 ki\u015fi g\u00f6zalt\u0131na&#8230;<\/p>\n","protected":false},"author":2,"featured_media":32078,"comment_status":"open","ping_status":"open","sticky":false,"template":"","format":"standard","meta":{"footnotes":""},"categories":[6,5],"tags":[],"class_list":["post-32079","post","type-post","status-publish","format-standard","has-post-thumbnail","hentry","category-gundem","category-son-dakika"],"_links":{"self":[{"href":"https:\/\/eskigazeteci.com\/index.php?rest_route=\/wp\/v2\/posts\/32079","targetHints":{"allow":["GET"]}}],"collection":[{"href":"https:\/\/eskigazeteci.com\/index.php?rest_route=\/wp\/v2\/posts"}],"about":[{"href":"https:\/\/eskigazeteci.com\/index.php?rest_route=\/wp\/v2\/types\/post"}],"author":[{"embeddable":true,"href":"https:\/\/eskigazeteci.com\/index.php?rest_route=\/wp\/v2\/users\/2"}],"replies":[{"embeddable":true,"href":"https:\/\/eskigazeteci.com\/index.php?rest_route=%2Fwp%2Fv2%2Fcomments&post=32079"}],"version-history":[{"count":0,"href":"https:\/\/eskigazeteci.com\/index.php?rest_route=\/wp\/v2\/posts\/32079\/revisions"}],"wp:featuredmedia":[{"embeddable":true,"href":"https:\/\/eskigazeteci.com\/index.php?rest_route=\/wp\/v2\/media\/32078"}],"wp:attachment":[{"href":"https:\/\/eskigazeteci.com\/index.php?rest_route=%2Fwp%2Fv2%2Fmedia&parent=32079"}],"wp:term":[{"taxonomy":"category","embeddable":true,"href":"https:\/\/eskigazeteci.com\/index.php?rest_route=%2Fwp%2Fv2%2Fcategories&post=32079"},{"taxonomy":"post_tag","embeddable":true,"href":"https:\/\/eskigazeteci.com\/index.php?rest_route=%2Fwp%2Fv2%2Ftags&post=32079"}],"curies":[{"name":"wp","href":"https:\/\/api.w.org\/{rel}","templated":true}]}}