{"id":32077,"date":"2026-05-03T08:29:28","date_gmt":"2026-05-03T08:29:28","guid":{"rendered":"https:\/\/eskigazeteci.com\/?p=32077"},"modified":"2026-05-03T08:29:28","modified_gmt":"2026-05-03T08:29:28","slug":"mourinhodan-sampiyon-portoya-tebrik-mesaji","status":"publish","type":"post","link":"https:\/\/eskigazeteci.com\/?p=32077","title":{"rendered":"Mourinho\u2019dan \u015fampiyon Porto\u2019ya tebrik mesaj\u0131!"},"content":{"rendered":"<p>Ligin 32. haftas\u0131nda Porto, konuk etti\u011fi Alverca&#x27;y\u0131 1-0 yenerek 31. kez \u015fampiyonlu\u011fa ula\u015ft\u0131.<\/p>\n<p>Jan Bednarek&#x27;in 40. dakikada att\u0131\u011f\u0131 golle Porto, ma\u00e7\u0131 1-0 kazand\u0131.<\/p>\n<p>Porto, bu galibiyetle ligde en yak\u0131n takip\u00e7isi olan ve teknik direkt\u00f6rl\u00fc\u011f\u00fcn\u00fc Jose Mourinho&#x27;nun yapt\u0131\u011f\u0131 Benfica&#x27;n\u0131n \u00f6n\u00fcnde \u015fampiyonlu\u011fa ula\u015ft\u0131.<\/p>\n<p>Bu sonu\u00e7larla ligde son iki hafta \u00f6ncesinde Porto, 85 puana y\u00fckselirken Benfica ise 76 puana sahip durumda. Bir ma\u00e7\u0131 eksik Sporting&#x27;in ise 73 puan\u0131 bulunuyor.<\/p>\n<p>Ligde ikinci s\u0131rada bulunan Benfica ise deplasmanda Famalicao ile 2-2 berabere kald\u0131. Jose Mourinho kar\u015f\u0131la\u015fma sonras\u0131 \u015fu a\u00e7\u0131klamalarda bulundu:<\/p>\n<p>&quot;Sezonun sonuna yakla\u015fm\u0131\u015f oldu\u011fumuzdan, bu ma\u00e7\u0131n sezonun genelini b\u00fcy\u00fck \u00f6l\u00e7\u00fcde yans\u0131tt\u0131\u011f\u0131n\u0131 s\u00f6yleyebiliriz. Porto \u2019yu hak edilmi\u015f \u015fampiyonluklar\u0131 i\u00e7in tebrik ediyorum ve \u00f6zellikle bug\u00fcn g\u00f6sterdikleri cesaret i\u00e7in oyuncular\u0131m\u0131 da kutluyorum. Sporting\u2019in \u00f6n\u00fcnde ikinci s\u0131rada kalmak i\u00e7in elimizden gelen her \u015feyi yap\u0131p bir mucize yaratmaya \u00e7al\u0131\u015faca\u011f\u0131z. Bu mucizeyi ger\u00e7ekle\u015ftirece\u011fiz ve bence ba\u015faraca\u011f\u0131z.&quot;<\/p>\n<p>T\u00fcrkiye&#x27;den ve D\u00fcnya\u2019dan son dakika haberleri, k\u00f6\u015fe yaz\u0131lar\u0131, magazinden siyasete, spordan seyahate b\u00fct\u00fcn konular\u0131n tek adresi Hurriyet.com.tr haber i\u00e7erikleri izin al\u0131nmadan,&#8230;<\/p>\n","protected":false},"excerpt":{"rendered":"<p>Portekiz Ligi&#8217;nde Porto, \u015fampiyonlu\u011funu ilan etti. Benfica Teknik Direkt\u00f6r\u00fc Jose Mourinho, 2-2 biten Famalicao ma\u00e7\u0131n\u0131n ard\u0131ndan Porto&#8217;nun \u015fampiyonlu\u011funu&#8230;<\/p>\n","protected":false},"author":2,"featured_media":32076,"comment_status":"open","ping_status":"open","sticky":false,"template":"","format":"standard","meta":{"footnotes":""},"categories":[5,7],"tags":[],"class_list":["post-32077","post","type-post","status-publish","format-standard","has-post-thumbnail","hentry","category-son-dakika","category-spor"],"_links":{"self":[{"href":"https:\/\/eskigazeteci.com\/index.php?rest_route=\/wp\/v2\/posts\/32077","targetHints":{"allow":["GET"]}}],"collection":[{"href":"https:\/\/eskigazeteci.com\/index.php?rest_route=\/wp\/v2\/posts"}],"about":[{"href":"https:\/\/eskigazeteci.com\/index.php?rest_route=\/wp\/v2\/types\/post"}],"author":[{"embeddable":true,"href":"https:\/\/eskigazeteci.com\/index.php?rest_route=\/wp\/v2\/users\/2"}],"replies":[{"embeddable":true,"href":"https:\/\/eskigazeteci.com\/index.php?rest_route=%2Fwp%2Fv2%2Fcomments&post=32077"}],"version-history":[{"count":0,"href":"https:\/\/eskigazeteci.com\/index.php?rest_route=\/wp\/v2\/posts\/32077\/revisions"}],"wp:featuredmedia":[{"embeddable":true,"href":"https:\/\/eskigazeteci.com\/index.php?rest_route=\/wp\/v2\/media\/32076"}],"wp:attachment":[{"href":"https:\/\/eskigazeteci.com\/index.php?rest_route=%2Fwp%2Fv2%2Fmedia&parent=32077"}],"wp:term":[{"taxonomy":"category","embeddable":true,"href":"https:\/\/eskigazeteci.com\/index.php?rest_route=%2Fwp%2Fv2%2Fcategories&post=32077"},{"taxonomy":"post_tag","embeddable":true,"href":"https:\/\/eskigazeteci.com\/index.php?rest_route=%2Fwp%2Fv2%2Ftags&post=32077"}],"curies":[{"name":"wp","href":"https:\/\/api.w.org\/{rel}","templated":true}]}}