{"id":32075,"date":"2026-05-03T08:09:29","date_gmt":"2026-05-03T08:09:29","guid":{"rendered":"https:\/\/eskigazeteci.com\/?p=32075"},"modified":"2026-05-03T08:09:29","modified_gmt":"2026-05-03T08:09:29","slug":"kurban-bayrami-tatili-9-gun-olur-mu-bakan-ersoy-boyle-yanitladi","status":"publish","type":"post","link":"https:\/\/eskigazeteci.com\/?p=32075","title":{"rendered":"Kurban Bayram\u0131 tatili 9 g\u00fcn olur mu? Bakan Ersoy b\u00f6yle yan\u0131tlad\u0131&#8230;"},"content":{"rendered":"<p>K\u00fclt\u00fcr ve sanat\u0131n farkl\u0131 disiplinlerini bir araya getiren T\u00fcrkiye K\u00fclt\u00fcr Yolu Festivali , bu y\u0131l ilk kez Ayd\u0131n\u2019da d\u00fczenlendi. K\u00fclt\u00fcr ve Turizm Bakan\u0131 Mehmet Nuri Ersoy , dev organizasyonun a\u00e7\u0131l\u0131\u015f\u0131nda aralar\u0131nda Hurriyet.com.tr Yay\u0131n Y\u00f6netmeni Erdin\u00e7 \u015eahin&#x27;in de bulundu\u011fu gazetecilerle bir araya geldi. Bakan Ersoy burada yapt\u0131\u011f\u0131 a\u00e7\u0131klamada Orta Do\u011fu\u2019daki sava\u015f\u0131, b\u00f6lgedeki krizleri ve bunun turizm sekt\u00f6r\u00fc \u00fczerindeki etkilerini \u015f\u00f6yle de\u011ferlendirdi;<\/p>\n<p>\u201cBu sava\u015f\u0131n kimseye faydas\u0131 olmayacak, sava\u015ftan kimse olumlu sonu\u00e7 elde etmeyecek. Bu b\u00f6lgenin jeopolitik konumu sebebiyle ge\u00e7mi\u015fte oldu\u011fu gibi g\u00fcn\u00fcm\u00fczde de ve maalesef gelecekte de krizlere a\u00e7\u0131k bir b\u00f6lgede ya\u015f\u0131yoruz. Sekt\u00f6r\u00fc krizlere ba\u011f\u0131\u015f\u0131kl\u0131 hale getirmemiz gerekiyor.\u201d T\u00dcRK\u0130YE B\u0130R \u0130ST\u0130KRAR ADASI \u201cG\u00f6reve geldikten sonra, sekt\u00f6rden gelen biri olarak ilk yapt\u0131\u011f\u0131m i\u015f, sekt\u00f6r\u00fc krizlere ba\u011f\u0131\u015f\u0131kl\u0131k hale getirmek i\u00e7in baz\u0131 yasal d\u00fczenlemeleri ve yeni kurumlar\u0131 hayata ge\u00e7irmek oldu. T\u00fcrkiye Turizm Tan\u0131t\u0131m ve Geli\u015ftirme Ajans\u0131n\u0131n ana kurulma sebeplerinden biri buydu. \u00dcr\u00fcn \u00e7e\u015fitlili\u011fi, kaynak destinasyon \u00e7e\u015fitlili\u011fi gibi bir\u00e7ok ad\u0131m\u0131 beraberinde at\u0131yoruz. Bu tek ba\u015f\u0131na K\u00fclt\u00fcr ve Turizm Bakanl\u0131\u011f\u0131n\u0131n yapaca\u011f\u0131 bir \u015fey de\u011fil. Havayollar\u0131n\u0131n,&#8230;<\/p>\n","protected":false},"excerpt":{"rendered":"<p>K\u00fclt\u00fcr ve Turizm Bakan\u0131 Mehmet Nuri Ersoy, gazetecilere yapt\u0131\u011f\u0131 a\u00e7\u0131klamada b\u00f6lgedeki sava\u015flar\u0131n turizm sekt\u00f6r\u00fcne etkisini de\u011ferlendirdi ve T\u00fcrkiye\u2019nin&#8230;<\/p>\n","protected":false},"author":2,"featured_media":32074,"comment_status":"open","ping_status":"open","sticky":false,"template":"","format":"standard","meta":{"footnotes":""},"categories":[6,5],"tags":[],"class_list":["post-32075","post","type-post","status-publish","format-standard","has-post-thumbnail","hentry","category-gundem","category-son-dakika"],"_links":{"self":[{"href":"https:\/\/eskigazeteci.com\/index.php?rest_route=\/wp\/v2\/posts\/32075","targetHints":{"allow":["GET"]}}],"collection":[{"href":"https:\/\/eskigazeteci.com\/index.php?rest_route=\/wp\/v2\/posts"}],"about":[{"href":"https:\/\/eskigazeteci.com\/index.php?rest_route=\/wp\/v2\/types\/post"}],"author":[{"embeddable":true,"href":"https:\/\/eskigazeteci.com\/index.php?rest_route=\/wp\/v2\/users\/2"}],"replies":[{"embeddable":true,"href":"https:\/\/eskigazeteci.com\/index.php?rest_route=%2Fwp%2Fv2%2Fcomments&post=32075"}],"version-history":[{"count":0,"href":"https:\/\/eskigazeteci.com\/index.php?rest_route=\/wp\/v2\/posts\/32075\/revisions"}],"wp:featuredmedia":[{"embeddable":true,"href":"https:\/\/eskigazeteci.com\/index.php?rest_route=\/wp\/v2\/media\/32074"}],"wp:attachment":[{"href":"https:\/\/eskigazeteci.com\/index.php?rest_route=%2Fwp%2Fv2%2Fmedia&parent=32075"}],"wp:term":[{"taxonomy":"category","embeddable":true,"href":"https:\/\/eskigazeteci.com\/index.php?rest_route=%2Fwp%2Fv2%2Fcategories&post=32075"},{"taxonomy":"post_tag","embeddable":true,"href":"https:\/\/eskigazeteci.com\/index.php?rest_route=%2Fwp%2Fv2%2Ftags&post=32075"}],"curies":[{"name":"wp","href":"https:\/\/api.w.org\/{rel}","templated":true}]}}