{"id":32073,"date":"2026-05-03T08:02:37","date_gmt":"2026-05-03T08:02:37","guid":{"rendered":"https:\/\/eskigazeteci.com\/?p=32073"},"modified":"2026-05-03T08:02:37","modified_gmt":"2026-05-03T08:02:37","slug":"sislide-gelinini-olduren-kayinvalideden-kan-donduran-ifade","status":"publish","type":"post","link":"https:\/\/eskigazeteci.com\/?p=32073","title":{"rendered":"\u015ei\u015fli&#8217;de gelinini \u00f6ld\u00fcren kay\u0131nvalideden kan donduran ifade"},"content":{"rendered":"<p>Olay, d\u00fcn saat 13.15 s\u0131ralar\u0131nda Eski\u015fehir Mahallesi\u2019nde meydana geldi. Edinilen bilgiye g\u00f6re, Haydarcan K.\u2019nin &#x27;H\u0131rs\u0131zl\u0131k&#x27; su\u00e7undan cezaevinde oldu\u011fu, dini nikahl\u0131 e\u015fi Bur\u00e7in \u015eahin\u2019in ise kay\u0131nvalidesi Menek\u015fe K. ile ayn\u0131 evde ya\u015fad\u0131\u011f\u0131 \u00f6\u011frenildi. Evde hen\u00fcz bilinmeyen bir nedenle \u00e7\u0131kan tart\u0131\u015fmada Menek\u015fe K., kendisine ait ruhsats\u0131z silahla Bur\u00e7in \u015eahin\u2019in ba\u015f\u0131na 2 kez ate\u015f etti.<\/p>\n<p>BA\u015eINA 2 EL ATE\u015e ETT\u0130<\/p>\n<p>\u0130hbar \u00fczerine olay yerine polis ve sa\u011fl\u0131k ekipleri sevk edildi. Sa\u011fl\u0131k ekiplerinin yapt\u0131\u011f\u0131 kontrollerde Bur\u00e7in \u015eahin\u2019in hayat\u0131n\u0131 kaybetti\u011fi belirlendi. Olay yerinde inceleme yapan ekipler, d\u0131\u015far\u0131da 2 adet, evde ise 4 bo\u015f kovan buldu. \u00d6len \u015eahin\u2019in 2 \u00e7ocu\u011fu oldu\u011fu \u00f6\u011frenildi.<\/p>\n<p>&#x27;NAMUS MESELES\u0130&#x27; DEM\u0130\u015e<\/p>\n<p>\u015e\u00fcphelinin cinayetin ard\u0131ndan pencereye \u00e7\u0131karak &quot;Gelinimi \u00f6ld\u00fcrd\u00fcm, namusumu temizledim&quot; dedi\u011fi ve bir s\u00fcre sigara i\u00e7ti\u011fi iddia edildi. Polis ekipleri taraf\u0131ndan g\u00f6zalt\u0131na al\u0131nan Menek\u015fe K.\u2019nin ilk ifadesinde, olay\u0131n &#x27;Namus meselesi&#x27; oldu\u011funu s\u00f6yledi\u011fi \u00f6\u011frenildi. \u015e\u00fcphelinin, o\u011flunun 6 y\u0131ld\u0131r cezaevinde oldu\u011fu, dini nikahl\u0131 e\u015fi Bur\u00e7in \u015eahin\u2019in o\u011flunu aldatt\u0131\u011f\u0131ndan \u015f\u00fcphelendi\u011fini, olay g\u00fcn\u00fc telefonunda mesajla\u015fmalar\u0131n\u0131 g\u00f6rmesi \u00fczerine \u015f\u00fcphelerini artt\u0131\u011f\u0131n\u0131, bunun \u00fczerine sinirlenerek evde&#8230;<\/p>\n","protected":false},"excerpt":{"rendered":"<p>\u0130stanbul \u015ei\u015fli\u2019 de Menek\u015fe K. (58), 6 y\u0131ld\u0131r cezaevinde olan o\u011flunun dini nikahl\u0131 e\u015fi Bur\u00e7in \u015eahin\u2019i (25) silahla ba\u015f\u0131ndan vurarak \u00f6ld\u00fcrd\u00fc. Olay\u0131n ard\u0131ndan&#8230;<\/p>\n","protected":false},"author":2,"featured_media":32072,"comment_status":"open","ping_status":"open","sticky":false,"template":"","format":"standard","meta":{"footnotes":""},"categories":[6,5],"tags":[],"class_list":["post-32073","post","type-post","status-publish","format-standard","has-post-thumbnail","hentry","category-gundem","category-son-dakika"],"_links":{"self":[{"href":"https:\/\/eskigazeteci.com\/index.php?rest_route=\/wp\/v2\/posts\/32073","targetHints":{"allow":["GET"]}}],"collection":[{"href":"https:\/\/eskigazeteci.com\/index.php?rest_route=\/wp\/v2\/posts"}],"about":[{"href":"https:\/\/eskigazeteci.com\/index.php?rest_route=\/wp\/v2\/types\/post"}],"author":[{"embeddable":true,"href":"https:\/\/eskigazeteci.com\/index.php?rest_route=\/wp\/v2\/users\/2"}],"replies":[{"embeddable":true,"href":"https:\/\/eskigazeteci.com\/index.php?rest_route=%2Fwp%2Fv2%2Fcomments&post=32073"}],"version-history":[{"count":0,"href":"https:\/\/eskigazeteci.com\/index.php?rest_route=\/wp\/v2\/posts\/32073\/revisions"}],"wp:featuredmedia":[{"embeddable":true,"href":"https:\/\/eskigazeteci.com\/index.php?rest_route=\/wp\/v2\/media\/32072"}],"wp:attachment":[{"href":"https:\/\/eskigazeteci.com\/index.php?rest_route=%2Fwp%2Fv2%2Fmedia&parent=32073"}],"wp:term":[{"taxonomy":"category","embeddable":true,"href":"https:\/\/eskigazeteci.com\/index.php?rest_route=%2Fwp%2Fv2%2Fcategories&post=32073"},{"taxonomy":"post_tag","embeddable":true,"href":"https:\/\/eskigazeteci.com\/index.php?rest_route=%2Fwp%2Fv2%2Ftags&post=32073"}],"curies":[{"name":"wp","href":"https:\/\/api.w.org\/{rel}","templated":true}]}}