{"id":32071,"date":"2026-05-03T08:01:04","date_gmt":"2026-05-03T08:01:04","guid":{"rendered":"https:\/\/eskigazeteci.com\/?p=32071"},"modified":"2026-05-03T08:01:04","modified_gmt":"2026-05-03T08:01:04","slug":"emine-erdogannin-aile-ve-nufus-on-yili-vizyon-belgesi-tanitim-programida-katki","status":"publish","type":"post","link":"https:\/\/eskigazeteci.com\/?p=32071","title":{"rendered":"Emine Erdo\u011fan&#8217;n\u0131n &#8216;Aile ve N\u00fcfus On Y\u0131l\u0131 Vizyon Belgesi Tan\u0131t\u0131m Program\u0131&#8217;da Katk\u0131"},"content":{"rendered":"<p>Cumhurba\u015fkan\u0131 Recep Tayyip Erdo\u011fan&#x27;\u0131n e\u015fi Emine Erdo\u011fan, &#x27;Aile ve N\u00fcfus On Y\u0131l\u0131 Vizyon Belgesi Tan\u0131t\u0131m Program\u0131&#x27;na ili\u015fkin payla\u015f\u0131m yapt\u0131. Bu t\u00fcr programlar genellikle bir \u00fclkede gelecekteki \u00f6neme alacak projelerin ve projelere y\u00f6nelik olanaklar\u0131 hakk\u0131nda bilgi i\u00e7erir.<\/p>\n","protected":false},"excerpt":{"rendered":"<p>Recep Tayyip Erdo\u011fan&#8217;\u0131n e\u015fi Emine Erdo\u011fan, tan\u0131t\u0131m program\u0131na ili\u015fkin payla\u015f\u0131m yapt\u0131.<\/p>\n","protected":false},"author":2,"featured_media":32070,"comment_status":"open","ping_status":"open","sticky":false,"template":"","format":"standard","meta":{"footnotes":""},"categories":[6,5],"tags":[],"class_list":["post-32071","post","type-post","status-publish","format-standard","has-post-thumbnail","hentry","category-gundem","category-son-dakika"],"_links":{"self":[{"href":"https:\/\/eskigazeteci.com\/index.php?rest_route=\/wp\/v2\/posts\/32071","targetHints":{"allow":["GET"]}}],"collection":[{"href":"https:\/\/eskigazeteci.com\/index.php?rest_route=\/wp\/v2\/posts"}],"about":[{"href":"https:\/\/eskigazeteci.com\/index.php?rest_route=\/wp\/v2\/types\/post"}],"author":[{"embeddable":true,"href":"https:\/\/eskigazeteci.com\/index.php?rest_route=\/wp\/v2\/users\/2"}],"replies":[{"embeddable":true,"href":"https:\/\/eskigazeteci.com\/index.php?rest_route=%2Fwp%2Fv2%2Fcomments&post=32071"}],"version-history":[{"count":0,"href":"https:\/\/eskigazeteci.com\/index.php?rest_route=\/wp\/v2\/posts\/32071\/revisions"}],"wp:featuredmedia":[{"embeddable":true,"href":"https:\/\/eskigazeteci.com\/index.php?rest_route=\/wp\/v2\/media\/32070"}],"wp:attachment":[{"href":"https:\/\/eskigazeteci.com\/index.php?rest_route=%2Fwp%2Fv2%2Fmedia&parent=32071"}],"wp:term":[{"taxonomy":"category","embeddable":true,"href":"https:\/\/eskigazeteci.com\/index.php?rest_route=%2Fwp%2Fv2%2Fcategories&post=32071"},{"taxonomy":"post_tag","embeddable":true,"href":"https:\/\/eskigazeteci.com\/index.php?rest_route=%2Fwp%2Fv2%2Ftags&post=32071"}],"curies":[{"name":"wp","href":"https:\/\/api.w.org\/{rel}","templated":true}]}}