{"id":32069,"date":"2026-05-03T07:59:32","date_gmt":"2026-05-03T07:59:32","guid":{"rendered":"https:\/\/eskigazeteci.com\/?p=32069"},"modified":"2026-05-03T07:59:32","modified_gmt":"2026-05-03T07:59:32","slug":"trump-iranin-teklifine-iliskin-kararini-verdi","status":"publish","type":"post","link":"https:\/\/eskigazeteci.com\/?p=32069","title":{"rendered":"Trump \u0130ran&#8217;\u0131n teklifine ili\u015fkin karar\u0131n\u0131 verdi"},"content":{"rendered":"<p>Trump, Truth Social adl\u0131 sosyal medya platformundaki hesab\u0131ndan payla\u015f\u0131m yapt\u0131.<\/p>\n<p>&quot;\u0130ran&#x27;\u0131n bize yeni g\u00f6nderdi\u011fi plan\u0131 yak\u0131nda inceleyece\u011fim.&quot; diyen Trump, ancak \u0130ran&#x27;\u0131n son 47 y\u0131ld\u0131r insanl\u0131\u011fa ve d\u00fcnyaya yapt\u0131klar\u0131 i\u00e7in hen\u00fcz yeterince b\u00fcy\u00fck bir bedel \u00f6demedi\u011fini \u00f6ne s\u00fcrd\u00fc.<\/p>\n<p>Trump , payla\u015f\u0131m\u0131nda, &quot;(Bunlar) g\u00f6z \u00f6n\u00fcne al\u0131nd\u0131\u011f\u0131nda, bu plan\u0131n kabul edilebilir olaca\u011f\u0131n\u0131 d\u00fc\u015f\u00fcnemiyorum.&quot; ifadesini kulland\u0131.<\/p>\n<p>\u0130RAN&#x27;DAN YEN\u0130 TEKL\u0130F<\/p>\n<p>\u0130ran resmi haber ajans\u0131 IRNA, \u0130ran&#x27;\u0131n, ABD ile m\u00fczakerelerde arac\u0131l\u0131k yapan Pakistan y\u00f6netimine, ABD ile sava\u015f\u0131 sona erdirebilecek bir anla\u015fma i\u00e7in yeni teklif sundu\u011funu belirtmi\u015fti.<\/p>\n<p>IRNA&#x27;n\u0131n haberinde; &quot; \u0130ran , ABD ile m\u00fczakerelerde arabulucu olan Pakistan &#x27;a, 30 Nisan Per\u015fembe ak\u015fam\u0131 nihai m\u00fczakere tasla\u011f\u0131n\u0131n metnini iletti.&quot; ifadelerine yer verilmi\u015fti.<\/p>\n<p>Yurtd\u0131\u015f\u0131nda ya\u015fanan en son olaylar, d\u00fcnya g\u00fcndemine oturan d\u0131\u015f haberler, son dakika d\u00fcnya haberleri, di\u011fer d\u00fcnya \u00fclkelerinden g\u00fcncel haberler i\u00e7in T\u00fcrkiye&#x27;nin haber sitesi hurriyet.com.tr; Hurriyet.com.tr haber i\u00e7erikleri kaynak g\u00f6sterilmeden al\u0131nt\u0131 yap\u0131lamaz, Kanuna ayk\u0131r\u0131 ve izinsiz olarak kopyalanamaz, ba\u015fka yerde yay\u0131nlanamaz.<\/p>\n","protected":false},"excerpt":{"rendered":"<p>ABD Ba\u015fkan\u0131 Donald Trump, \u0130ran&#8217;\u0131n g\u00f6nderdi\u011fi yeni bar\u0131\u015f plan\u0131n\u0131 yak\u0131nda inceleyece\u011fini ancak plan\u0131n kabul edilebilir olaca\u011f\u0131n\u0131 d\u00fc\u015f\u00fcnmedi\u011fini ifade etti.<\/p>\n","protected":false},"author":2,"featured_media":32068,"comment_status":"open","ping_status":"open","sticky":false,"template":"","format":"standard","meta":{"footnotes":""},"categories":[6,5],"tags":[],"class_list":["post-32069","post","type-post","status-publish","format-standard","has-post-thumbnail","hentry","category-gundem","category-son-dakika"],"_links":{"self":[{"href":"https:\/\/eskigazeteci.com\/index.php?rest_route=\/wp\/v2\/posts\/32069","targetHints":{"allow":["GET"]}}],"collection":[{"href":"https:\/\/eskigazeteci.com\/index.php?rest_route=\/wp\/v2\/posts"}],"about":[{"href":"https:\/\/eskigazeteci.com\/index.php?rest_route=\/wp\/v2\/types\/post"}],"author":[{"embeddable":true,"href":"https:\/\/eskigazeteci.com\/index.php?rest_route=\/wp\/v2\/users\/2"}],"replies":[{"embeddable":true,"href":"https:\/\/eskigazeteci.com\/index.php?rest_route=%2Fwp%2Fv2%2Fcomments&post=32069"}],"version-history":[{"count":0,"href":"https:\/\/eskigazeteci.com\/index.php?rest_route=\/wp\/v2\/posts\/32069\/revisions"}],"wp:featuredmedia":[{"embeddable":true,"href":"https:\/\/eskigazeteci.com\/index.php?rest_route=\/wp\/v2\/media\/32068"}],"wp:attachment":[{"href":"https:\/\/eskigazeteci.com\/index.php?rest_route=%2Fwp%2Fv2%2Fmedia&parent=32069"}],"wp:term":[{"taxonomy":"category","embeddable":true,"href":"https:\/\/eskigazeteci.com\/index.php?rest_route=%2Fwp%2Fv2%2Fcategories&post=32069"},{"taxonomy":"post_tag","embeddable":true,"href":"https:\/\/eskigazeteci.com\/index.php?rest_route=%2Fwp%2Fv2%2Ftags&post=32069"}],"curies":[{"name":"wp","href":"https:\/\/api.w.org\/{rel}","templated":true}]}}