{"id":32065,"date":"2026-05-03T07:45:43","date_gmt":"2026-05-03T07:45:43","guid":{"rendered":"https:\/\/eskigazeteci.com\/?p=32065"},"modified":"2026-05-03T07:45:43","modified_gmt":"2026-05-03T07:45:43","slug":"filistinli-cocuk-israil-saldirisinda-hayatini-kaybetti","status":"publish","type":"post","link":"https:\/\/eskigazeteci.com\/?p=32065","title":{"rendered":"Filistinli \u00e7ocuk \u0130srail sald\u0131r\u0131s\u0131nda hayat\u0131n\u0131 kaybetti"},"content":{"rendered":"<p>Hastane kaynaklar\u0131 ve g\u00f6rg\u00fc tan\u0131klar\u0131n\u0131n aktard\u0131\u011f\u0131na g\u00f6re, \u0130srail&#x27;e ait insans\u0131z hava arac\u0131 (\u0130HA), Han Yunus&#x27;un g\u00fcneyindeki Kayzan Ebu Re\u015fvan b\u00f6lgesinde toplu halde bulunan sivillere sald\u0131rd\u0131.<\/p>\n<p>Sald\u0131r\u0131da 15 ya\u015f\u0131ndaki Riyad Naci Nemr Ebu Nemr olay yerinde ya\u015fam\u0131n\u0131 yitirdi, yaralanan 2 ki\u015fi ise Nas\u0131r Hastanesi&#x27;ne kald\u0131r\u0131ld\u0131.<\/p>\n<p>Hedef al\u0131nan b\u00f6lgenin, \u0130srail ordusunun konu\u015fland\u0131\u011f\u0131 &quot;Sar\u0131 Hat&quot; olarak adland\u0131r\u0131lan alan\u0131n d\u0131\u015f\u0131nda kald\u0131\u011f\u0131 belirtildi.<\/p>\n<p>HAN YUNUS&#x27;TA B\u00dcY\u00dcK YIKIM<\/p>\n<p>\u00d6te yandan \u0130srail ordusu Han Yunus &#x27;un g\u00fcney ve do\u011fu b\u00f6lgelerini gece boyunca top\u00e7u at\u0131\u015flar\u0131yla vurdu, kentin do\u011fusunda geni\u015f \u00e7apl\u0131 y\u0131k\u0131m operasyonlar\u0131 y\u00fcr\u00fctt\u00fc.<\/p>\n<p>\u0130srail ordusu ate\u015fkese ra\u011fmen Gazze \u015eeridi &#x27;nde sald\u0131r\u0131lar\u0131n\u0131 s\u00fcrd\u00fcr\u00fcrken, Birle\u015fmi\u015f Milletler 30 Nisan&#x27;da yapt\u0131\u011f\u0131 a\u00e7\u0131klamada, \u0130srail&#x27;in 10 Ekim 2025&#x27;teki ate\u015fkes kapsam\u0131nda belirlenen &quot;Sar\u0131 Hat&quot;t\u0131n \u00f6tesine ge\u00e7erek i\u015fgal alan\u0131n\u0131 geni\u015fleten yeni bir hat olu\u015fturdu\u011funu duyurmu\u015ftu.<\/p>\n<p>Yurtd\u0131\u015f\u0131nda ya\u015fanan en son olaylar, d\u00fcnya g\u00fcndemine oturan d\u0131\u015f haberler, son dakika d\u00fcnya haberleri, di\u011fer d\u00fcnya \u00fclkelerinden g\u00fcncel haberler i\u00e7in T\u00fcrkiye&#x27;nin haber sitesi hurriyet.com.tr; Hurriyet.com.tr haber i\u00e7erikleri kaynak g\u00f6sterilmeden al\u0131nt\u0131 yap\u0131lamaz, Kanuna ayk\u0131r\u0131 ve izinsiz&#8230;<\/p>\n","protected":false},"excerpt":{"rendered":"<p>Filistinli 15 ya\u015f\u0131ndaki bir \u00e7ocuk, \u0130srail ordusunun ate\u015fkese ra\u011fmen Gazze \u015eeridi&#8217;nin g\u00fcneyindeki Han Yunus kentine d\u00fczenledi\u011fi hava sald\u0131r\u0131s\u0131nda ya\u015fam\u0131n\u0131&#8230;<\/p>\n","protected":false},"author":2,"featured_media":32064,"comment_status":"open","ping_status":"open","sticky":false,"template":"","format":"standard","meta":{"footnotes":""},"categories":[6,5],"tags":[],"class_list":["post-32065","post","type-post","status-publish","format-standard","has-post-thumbnail","hentry","category-gundem","category-son-dakika"],"_links":{"self":[{"href":"https:\/\/eskigazeteci.com\/index.php?rest_route=\/wp\/v2\/posts\/32065","targetHints":{"allow":["GET"]}}],"collection":[{"href":"https:\/\/eskigazeteci.com\/index.php?rest_route=\/wp\/v2\/posts"}],"about":[{"href":"https:\/\/eskigazeteci.com\/index.php?rest_route=\/wp\/v2\/types\/post"}],"author":[{"embeddable":true,"href":"https:\/\/eskigazeteci.com\/index.php?rest_route=\/wp\/v2\/users\/2"}],"replies":[{"embeddable":true,"href":"https:\/\/eskigazeteci.com\/index.php?rest_route=%2Fwp%2Fv2%2Fcomments&post=32065"}],"version-history":[{"count":0,"href":"https:\/\/eskigazeteci.com\/index.php?rest_route=\/wp\/v2\/posts\/32065\/revisions"}],"wp:featuredmedia":[{"embeddable":true,"href":"https:\/\/eskigazeteci.com\/index.php?rest_route=\/wp\/v2\/media\/32064"}],"wp:attachment":[{"href":"https:\/\/eskigazeteci.com\/index.php?rest_route=%2Fwp%2Fv2%2Fmedia&parent=32065"}],"wp:term":[{"taxonomy":"category","embeddable":true,"href":"https:\/\/eskigazeteci.com\/index.php?rest_route=%2Fwp%2Fv2%2Fcategories&post=32065"},{"taxonomy":"post_tag","embeddable":true,"href":"https:\/\/eskigazeteci.com\/index.php?rest_route=%2Fwp%2Fv2%2Ftags&post=32065"}],"curies":[{"name":"wp","href":"https:\/\/api.w.org\/{rel}","templated":true}]}}