{"id":32063,"date":"2026-05-03T07:44:10","date_gmt":"2026-05-03T07:44:10","guid":{"rendered":"https:\/\/eskigazeteci.com\/?p=32063"},"modified":"2026-05-03T07:44:10","modified_gmt":"2026-05-03T07:44:10","slug":"kuzey-koreden-abdnin-siber-saldiri-iddiasina-yanit","status":"publish","type":"post","link":"https:\/\/eskigazeteci.com\/?p=32063","title":{"rendered":"Kuzey Kore&#8217;den ABD&#8217;nin siber sald\u0131r\u0131 iddias\u0131na yan\u0131t"},"content":{"rendered":"<p>Kuzey Kore Merkezi Haber Ajans\u0131na (KCNA) g\u00f6re, Kuzey Kore D\u0131\u015fi\u015fleri Bakanl\u0131\u011f\u0131 S\u00f6zc\u00fcs\u00fc, Washington y\u00f6netiminin Pyongyang &#x27;a y\u00f6nelik &quot;var olmayan bir siber tehdit&quot; alg\u0131s\u0131 olu\u015fturmaya \u00e7al\u0131\u015ft\u0131\u011f\u0131n\u0131 iddia etti.<\/p>\n<p>S\u00f6zc\u00fc, ABD&#x27;nin iddialar\u0131n\u0131 &quot;\u00fclkenin imaj\u0131n\u0131 zedelemeye y\u00f6nelik as\u0131ls\u0131z iftira&quot; olarak niteleyerek bu t\u00fcr faaliyetlerin Kuzey Kore ile ili\u015fkilendirilmesinin &quot;tek tarafl\u0131 bir iddia&quot; oldu\u011funu kaydetti.<\/p>\n<p>WASHINGTON&#x27;A S\u0130BER KORSANLIK SU\u00c7LAMASI<\/p>\n<p>ABD&#x27;nin kendisini bu alanda &quot;ma\u011fdur&quot; olarak g\u00f6stermesinin &quot;mant\u0131ks\u0131z&quot; oldu\u011funu kaydeden s\u00f6zc\u00fc, Washington y\u00f6netiminin k\u00fcresel bili\u015fim altyap\u0131s\u0131 \u00fczerindeki kontrol\u00fc nedeniyle di\u011fer \u00fclkelere y\u00f6nelik siber sald\u0131r\u0131lar y\u00fcr\u00fctt\u00fc\u011f\u00fcn\u00fc \u00f6ne s\u00fcrd\u00fc.<\/p>\n<p>S\u00f6zc\u00fc, bu nedenle ABD&#x27;nin kendisini &quot;ma\u011fdur&quot; olarak tan\u0131mlamas\u0131n\u0131n \u00e7eli\u015fkili oldu\u011funu belirtti.<\/p>\n<p>KUZEY KORE &#x27;YE YEN\u0130 YAPTIRIMLAR<\/p>\n<p>ABD y\u00f6netimi Kas\u0131m 2025&#x27;te, siber su\u00e7lardan elde edilen fonlar\u0131 aklamakla su\u00e7lanan baz\u0131 Kuzey Koreli bankac\u0131lar ve kurumlar\u0131 yapt\u0131r\u0131m listesine alm\u0131\u015ft\u0131.<\/p>\n<p>ABD Hazine Bakanl\u0131\u011f\u0131, mart ay\u0131nda Kuzey Kore ba\u011flant\u0131l\u0131 operasyonlarla ili\u015fkili 6 ki\u015fi ve 2 kurulu\u015fa yapt\u0131r\u0131m uygulam\u0131\u015f, s\u00f6z konusu yap\u0131lar\u0131n yasa d\u0131\u015f\u0131 gelirleri dijital varl\u0131klar \u00fczerinden aktard\u0131\u011f\u0131n\u0131 bildirmi\u015fti.<\/p>\n<p>Yurtd\u0131\u015f\u0131nda&#8230;<\/p>\n","protected":false},"excerpt":{"rendered":"<p>Kuzey Kore, uluslararas\u0131 siber sald\u0131r\u0131lar\u0131n arkas\u0131nda oldu\u011fu y\u00f6n\u00fcndeki ABD&#8217;nin su\u00e7lamalar\u0131n\u0131n ger\u00e7e\u011fi yans\u0131tmad\u0131\u011f\u0131n\u0131 belirtti. ABD&#8217;yi yalanc\u0131l\u0131kla su\u00e7layan&#8230;<\/p>\n","protected":false},"author":2,"featured_media":32062,"comment_status":"open","ping_status":"open","sticky":false,"template":"","format":"standard","meta":{"footnotes":""},"categories":[6,5],"tags":[],"class_list":["post-32063","post","type-post","status-publish","format-standard","has-post-thumbnail","hentry","category-gundem","category-son-dakika"],"_links":{"self":[{"href":"https:\/\/eskigazeteci.com\/index.php?rest_route=\/wp\/v2\/posts\/32063","targetHints":{"allow":["GET"]}}],"collection":[{"href":"https:\/\/eskigazeteci.com\/index.php?rest_route=\/wp\/v2\/posts"}],"about":[{"href":"https:\/\/eskigazeteci.com\/index.php?rest_route=\/wp\/v2\/types\/post"}],"author":[{"embeddable":true,"href":"https:\/\/eskigazeteci.com\/index.php?rest_route=\/wp\/v2\/users\/2"}],"replies":[{"embeddable":true,"href":"https:\/\/eskigazeteci.com\/index.php?rest_route=%2Fwp%2Fv2%2Fcomments&post=32063"}],"version-history":[{"count":0,"href":"https:\/\/eskigazeteci.com\/index.php?rest_route=\/wp\/v2\/posts\/32063\/revisions"}],"wp:featuredmedia":[{"embeddable":true,"href":"https:\/\/eskigazeteci.com\/index.php?rest_route=\/wp\/v2\/media\/32062"}],"wp:attachment":[{"href":"https:\/\/eskigazeteci.com\/index.php?rest_route=%2Fwp%2Fv2%2Fmedia&parent=32063"}],"wp:term":[{"taxonomy":"category","embeddable":true,"href":"https:\/\/eskigazeteci.com\/index.php?rest_route=%2Fwp%2Fv2%2Fcategories&post=32063"},{"taxonomy":"post_tag","embeddable":true,"href":"https:\/\/eskigazeteci.com\/index.php?rest_route=%2Fwp%2Fv2%2Ftags&post=32063"}],"curies":[{"name":"wp","href":"https:\/\/api.w.org\/{rel}","templated":true}]}}