{"id":32061,"date":"2026-05-03T07:42:37","date_gmt":"2026-05-03T07:42:37","guid":{"rendered":"https:\/\/eskigazeteci.com\/?p=32061"},"modified":"2026-05-03T07:42:37","modified_gmt":"2026-05-03T07:42:37","slug":"besiktastan-golcu-operasyonu-transfer-icin-harekete-gecildi","status":"publish","type":"post","link":"https:\/\/eskigazeteci.com\/?p=32061","title":{"rendered":"Be\u015fikta\u015f&#8217;tan golc\u00fc operasyonu! Transfer i\u00e7in harekete ge\u00e7ildi"},"content":{"rendered":"<p>Ara transfer d\u00f6neminde yapt\u0131\u011f\u0131 hamlelerle kadrosunu g\u00fc\u00e7lendiren Be\u015fikta\u015f , h\u00fccum hatt\u0131 i\u00e7in \u00e7al\u0131\u015fmalar\u0131n\u0131 s\u00fcrd\u00fcr\u00fcyor. Siyah-Beyazl\u0131lar\u2019\u0131n g\u00fcndemine gelen son isim, bonservisi Eintracht Frankfurt\u2019ta bulunan ve Nice\u2019te kiral\u0131k olarak forma giyen Elye Wahi oldu.<\/p>\n<p>AVRUPA KUL\u00dcPLER\u0130N\u0130N RADARINDA<\/p>\n<p>Teknik heyetin raporu do\u011frultusunda harekete ge\u00e7en y\u00f6netimin, gen\u00e7 forvet i\u00e7in \u015fartlar\u0131 ara\u015ft\u0131rd\u0131\u011f\u0131 \u00f6\u011frenildi. 23 ya\u015f\u0131ndaki oyuncu, Fransa\u2019da ge\u00e7irdi\u011fi kiral\u0131k d\u00f6nemde sergiledi\u011fi performansla dikkat \u00e7ekti. Nice formas\u0131yla k\u0131sa s\u00fcrede 7 gol ve 2 asistlik katk\u0131 sa\u011flayan Wahi, y\u00fckselen grafi\u011fiyle Avrupa kul\u00fcplerinin radar\u0131na girdi.<\/p>\n<p>AVRUPA KOZU<\/p>\n<p>Frankfurt\u2019un oyuncuyu yeniden kiralamaktan ziyade bonservisiyle g\u00f6ndermeye s\u0131cak bakt\u0131\u011f\u0131 ve 15 milyon Euro \u00fczerindeki teklifleri de\u011ferlendirmeye haz\u0131r oldu\u011fu ifade edildi. Avrupa kupalar\u0131nda m\u00fccadele eden bir tak\u0131mda forma giymek isteyen Wahi\u2019nin, bu nedenle tekliflere a\u00e7\u0131k oldu\u011fu belirtildi.<\/p>\n<p>G\u00d6ZLER KUPADA<\/p>\n<p>Be\u015fikta\u015f\u2019\u0131n ise T\u00fcrkiye Kupas\u0131\u2019n\u0131 kazanarak Avrupa Ligi bileti almay\u0131 ve bu transferde elini g\u00fc\u00e7lendirmeyi hedefledi\u011fi aktar\u0131ld\u0131. Gen\u00e7 golc\u00fc, h\u0131z\u0131 ve bitiricili\u011fiyle \u00f6n plana \u00e7\u0131k\u0131yor.<\/p>\n<p>T\u00fcrkiye&#x27;den ve D\u00fcnya\u2019dan son dakika haberleri, k\u00f6\u015fe yaz\u0131lar\u0131,&#8230;<\/p>\n","protected":false},"excerpt":{"rendered":"<p>Be\u015fikta\u015f, gelecek sezon i\u00e7in transfer \u00e7al\u0131\u015fmalar\u0131na h\u0131z verdi. Siyah &#8211; Beyazl\u0131lar\u0131n, bonservisi Eintracht Frankfurt&#8217;ta olan ve Nice&#8217;te kiral\u0131k olarak forma&#8230;<\/p>\n","protected":false},"author":2,"featured_media":32060,"comment_status":"open","ping_status":"open","sticky":false,"template":"","format":"standard","meta":{"footnotes":""},"categories":[5,7],"tags":[],"class_list":["post-32061","post","type-post","status-publish","format-standard","has-post-thumbnail","hentry","category-son-dakika","category-spor"],"_links":{"self":[{"href":"https:\/\/eskigazeteci.com\/index.php?rest_route=\/wp\/v2\/posts\/32061","targetHints":{"allow":["GET"]}}],"collection":[{"href":"https:\/\/eskigazeteci.com\/index.php?rest_route=\/wp\/v2\/posts"}],"about":[{"href":"https:\/\/eskigazeteci.com\/index.php?rest_route=\/wp\/v2\/types\/post"}],"author":[{"embeddable":true,"href":"https:\/\/eskigazeteci.com\/index.php?rest_route=\/wp\/v2\/users\/2"}],"replies":[{"embeddable":true,"href":"https:\/\/eskigazeteci.com\/index.php?rest_route=%2Fwp%2Fv2%2Fcomments&post=32061"}],"version-history":[{"count":0,"href":"https:\/\/eskigazeteci.com\/index.php?rest_route=\/wp\/v2\/posts\/32061\/revisions"}],"wp:featuredmedia":[{"embeddable":true,"href":"https:\/\/eskigazeteci.com\/index.php?rest_route=\/wp\/v2\/media\/32060"}],"wp:attachment":[{"href":"https:\/\/eskigazeteci.com\/index.php?rest_route=%2Fwp%2Fv2%2Fmedia&parent=32061"}],"wp:term":[{"taxonomy":"category","embeddable":true,"href":"https:\/\/eskigazeteci.com\/index.php?rest_route=%2Fwp%2Fv2%2Fcategories&post=32061"},{"taxonomy":"post_tag","embeddable":true,"href":"https:\/\/eskigazeteci.com\/index.php?rest_route=%2Fwp%2Fv2%2Ftags&post=32061"}],"curies":[{"name":"wp","href":"https:\/\/api.w.org\/{rel}","templated":true}]}}