{"id":32059,"date":"2026-05-03T07:41:02","date_gmt":"2026-05-03T07:41:02","guid":{"rendered":"https:\/\/eskigazeteci.com\/?p=32059"},"modified":"2026-05-03T07:41:02","modified_gmt":"2026-05-03T07:41:02","slug":"galatasaraydan-bernardo-silvaya-tarihi-teklif","status":"publish","type":"post","link":"https:\/\/eskigazeteci.com\/?p=32059","title":{"rendered":"Galatasaray\u2019dan Bernardo Silva\u2019ya tarihi teklif!"},"content":{"rendered":"<p>Manchester City\u2019de ge\u00e7irdi\u011fi 9 sezonun ard\u0131ndan tak\u0131mdan ayr\u0131lmaya haz\u0131rlanan Bernardo Silva\u2019n\u0131n ismi Galatasaray ile an\u0131lmaya devam ederken, y\u0131ld\u0131z oyuncuyla ilgili dikkat \u00e7ekici bir transfer geli\u015fmesi g\u00fcndeme geldi.<\/p>\n<p>DEVASA TEKL\u0130F<\/p>\n<p>\u0130spanya bas\u0131n\u0131ndan Sport\u2019un haberine g\u00f6re; Galatasaray, 31 ya\u015f\u0131ndaki futbolcuya olduk\u00e7a cazip bir teklif sundu. Sar\u0131K\u0131rm\u0131z\u0131l\u0131lar\u2019\u0131n, bonuslarla birlikte toplamda 50 milyon Euro\u2019ya ula\u015fabilecek 3 y\u0131ll\u0131k bir s\u00f6zle\u015fme \u00f6nerdi\u011fi belirtildi. Silva\u2019n\u0131n ise \u015fimdilik sadece bir kul\u00fcpten haber bekledi\u011fi \u00f6ne s\u00fcr\u00fcld\u00fc.<\/p>\n<p>HEN\u00dcZ SONU\u00c7LANMADI<\/p>\n<p>Sempre Barca\u2019da yer alan habere g\u00f6re; kariyerini en \u00fcst seviyede s\u00fcrd\u00fcrmek isteyen Portekizli orta saha, Barcelona formas\u0131 giymeyi hedefliyor. Haberde ayr\u0131ca, Silva\u2019n\u0131n gelece\u011fiyle ilgili karar\u0131n\u0131 asl\u0131nda \u00f6nceden verdi\u011fi ancak Barcelona Sportif Direkt\u00f6r\u00fc Deco\u2019nun, oyuncunun menajeri Jorge Mendes ile yapt\u0131\u011f\u0131 g\u00f6r\u00fc\u015fmede nihai karar i\u00e7in s\u00fcre talep etmesi nedeniyle transfer s\u00fcrecinin hen\u00fcz sonu\u00e7lanmad\u0131\u011f\u0131 ifade edildi.<\/p>\n<p>YAKINDAN TAK\u0130P EDECEK<\/p>\n<p>\u0130spanyol gazeteciler, Bernardo Silva \u2019n\u0131n Barcelona ile anla\u015famamas\u0131 halinde Galatasaray\u2019\u0131n bu transferdeki en ciddi adaylar aras\u0131nda yer ald\u0131\u011f\u0131n\u0131 belirtiyor. Dolay\u0131s\u0131yla Galatasarayl\u0131&#8230;<\/p>\n","protected":false},"excerpt":{"rendered":"<p>Galatasaray, Manchester City\u2019den ayr\u0131lmaya haz\u0131rlanan Bernardo Silva\u2019ya dev teklif \u00f6nerdi.<\/p>\n","protected":false},"author":2,"featured_media":32058,"comment_status":"open","ping_status":"open","sticky":false,"template":"","format":"standard","meta":{"footnotes":""},"categories":[5,7],"tags":[],"class_list":["post-32059","post","type-post","status-publish","format-standard","has-post-thumbnail","hentry","category-son-dakika","category-spor"],"_links":{"self":[{"href":"https:\/\/eskigazeteci.com\/index.php?rest_route=\/wp\/v2\/posts\/32059","targetHints":{"allow":["GET"]}}],"collection":[{"href":"https:\/\/eskigazeteci.com\/index.php?rest_route=\/wp\/v2\/posts"}],"about":[{"href":"https:\/\/eskigazeteci.com\/index.php?rest_route=\/wp\/v2\/types\/post"}],"author":[{"embeddable":true,"href":"https:\/\/eskigazeteci.com\/index.php?rest_route=\/wp\/v2\/users\/2"}],"replies":[{"embeddable":true,"href":"https:\/\/eskigazeteci.com\/index.php?rest_route=%2Fwp%2Fv2%2Fcomments&post=32059"}],"version-history":[{"count":0,"href":"https:\/\/eskigazeteci.com\/index.php?rest_route=\/wp\/v2\/posts\/32059\/revisions"}],"wp:featuredmedia":[{"embeddable":true,"href":"https:\/\/eskigazeteci.com\/index.php?rest_route=\/wp\/v2\/media\/32058"}],"wp:attachment":[{"href":"https:\/\/eskigazeteci.com\/index.php?rest_route=%2Fwp%2Fv2%2Fmedia&parent=32059"}],"wp:term":[{"taxonomy":"category","embeddable":true,"href":"https:\/\/eskigazeteci.com\/index.php?rest_route=%2Fwp%2Fv2%2Fcategories&post=32059"},{"taxonomy":"post_tag","embeddable":true,"href":"https:\/\/eskigazeteci.com\/index.php?rest_route=%2Fwp%2Fv2%2Ftags&post=32059"}],"curies":[{"name":"wp","href":"https:\/\/api.w.org\/{rel}","templated":true}]}}