{"id":32057,"date":"2026-05-03T07:39:27","date_gmt":"2026-05-03T07:39:27","guid":{"rendered":"https:\/\/eskigazeteci.com\/?p=32057"},"modified":"2026-05-03T07:39:27","modified_gmt":"2026-05-03T07:39:27","slug":"kalbim-kocamla-birlikte-oldu-demisti-yillar-sonra-yeni-bir-aska-hazir","status":"publish","type":"post","link":"https:\/\/eskigazeteci.com\/?p=32057","title":{"rendered":"\u2018Kalbim kocamla birlikte \u00f6ld\u00fc\u2019 demi\u015fti\u2026 Y\u0131llar sonra yeni bir a\u015fka haz\u0131r"},"content":{"rendered":"<p>2022\u2019de milyonda bir g\u00f6r\u00fclen ve tedavisi olmayan n\u00f6rolojik hastal\u0131k \u201cKat\u0131 Ki\u015fi Sendromu\u201dna (Stiff Person Syndrome) yakalanan Celine Dion, hastal\u0131\u011f\u0131n\u0131n ilk g\u00fcnlerinde verdi\u011fi k\u00f6t\u00fc g\u00f6r\u00fcnt\u00fcyle hayranlar\u0131n\u0131 \u00fczm\u00fc\u015ft\u00fc.<\/p>\n<p>2022\u2019de milyonda bir g\u00f6r\u00fclen ve tedavisi olmayan n\u00f6rolojik hastal\u0131k \u201cKat\u0131 Ki\u015fi Sendromu\u201dna (Stiff Person Syndrome) yakalanan Celine Dion, hastal\u0131\u011f\u0131n\u0131n ilk g\u00fcnlerinde verdi\u011fi k\u00f6t\u00fc g\u00f6r\u00fcnt\u00fcyle hayranlar\u0131n\u0131 \u00fczm\u00fc\u015ft\u00fc.<\/p>\n<p>Hastal\u0131\u011f\u0131n kesin bir tedavisi olmasa da s\u00fcrekli g\u00f6zetim alt\u0131nda olan ve ayakta kalabilmek i\u00e7in m\u00fcmk\u00fcn olan her \u015feyi deneyen Celine Dion meslek hayat\u0131 bitti denirken sahnelere geri d\u00f6nebilecek kadar d\u00fczeldi ve onu sevenleri sevindirdi.<\/p>\n<p>Hastal\u0131\u011f\u0131n kesin bir tedavisi olmasa da s\u00fcrekli g\u00f6zetim alt\u0131nda olan ve ayakta kalabilmek i\u00e7in m\u00fcmk\u00fcn olan her \u015feyi deneyen Celine Dion meslek hayat\u0131 bitti denirken sahnelere geri d\u00f6nebilecek kadar d\u00fczeldi ve onu sevenleri sevindirdi.<\/p>\n<p>\u015eimdilerde kendini \u00e7ok daha iyi hisseden efsane \u015fark\u0131c\u0131n\u0131n e\u015fi Rene Angelil&#x27;nin \u00f6l\u00fcm\u00fcnden 10 y\u0131l sonra kalbini yeniden a\u015fka a\u00e7maya haz\u0131r oldu\u011fu konu\u015fuluyor. \u201cKalbim de kocamla birlikte \u00f6ld\u00fc\u201d diyen Celine Dion\u2019un art\u0131k daha fazla yaln\u0131z kalmak istemedi\u011fi ve yeni bir a\u015fka s\u0131cak bakmaya ba\u015flad\u0131\u011f\u0131 iddia&#8230;<\/p>\n","protected":false},"excerpt":{"rendered":"<p>M\u00fczik d\u00fcnyas\u0131n\u0131n efsane sesi hayat\u0131n\u0131n tek a\u015fk\u0131 oldu\u011funu s\u00f6yledi\u011fi kocas\u0131n\u0131n \u00f6l\u00fcm\u00fcnden 10 y\u0131l sonra nihayet kalbini yeni bir a\u015fk a\u00e7maya haz\u0131r gibi g\u00f6r\u00fcn\u00fcyor.<\/p>\n","protected":false},"author":2,"featured_media":32056,"comment_status":"open","ping_status":"open","sticky":false,"template":"","format":"standard","meta":{"footnotes":""},"categories":[6,5],"tags":[],"class_list":["post-32057","post","type-post","status-publish","format-standard","has-post-thumbnail","hentry","category-gundem","category-son-dakika"],"_links":{"self":[{"href":"https:\/\/eskigazeteci.com\/index.php?rest_route=\/wp\/v2\/posts\/32057","targetHints":{"allow":["GET"]}}],"collection":[{"href":"https:\/\/eskigazeteci.com\/index.php?rest_route=\/wp\/v2\/posts"}],"about":[{"href":"https:\/\/eskigazeteci.com\/index.php?rest_route=\/wp\/v2\/types\/post"}],"author":[{"embeddable":true,"href":"https:\/\/eskigazeteci.com\/index.php?rest_route=\/wp\/v2\/users\/2"}],"replies":[{"embeddable":true,"href":"https:\/\/eskigazeteci.com\/index.php?rest_route=%2Fwp%2Fv2%2Fcomments&post=32057"}],"version-history":[{"count":0,"href":"https:\/\/eskigazeteci.com\/index.php?rest_route=\/wp\/v2\/posts\/32057\/revisions"}],"wp:featuredmedia":[{"embeddable":true,"href":"https:\/\/eskigazeteci.com\/index.php?rest_route=\/wp\/v2\/media\/32056"}],"wp:attachment":[{"href":"https:\/\/eskigazeteci.com\/index.php?rest_route=%2Fwp%2Fv2%2Fmedia&parent=32057"}],"wp:term":[{"taxonomy":"category","embeddable":true,"href":"https:\/\/eskigazeteci.com\/index.php?rest_route=%2Fwp%2Fv2%2Fcategories&post=32057"},{"taxonomy":"post_tag","embeddable":true,"href":"https:\/\/eskigazeteci.com\/index.php?rest_route=%2Fwp%2Fv2%2Ftags&post=32057"}],"curies":[{"name":"wp","href":"https:\/\/api.w.org\/{rel}","templated":true}]}}