{"id":32055,"date":"2026-05-03T07:32:30","date_gmt":"2026-05-03T07:32:30","guid":{"rendered":"https:\/\/eskigazeteci.com\/?p=32055"},"modified":"2026-05-03T07:32:30","modified_gmt":"2026-05-03T07:32:30","slug":"kahramanmarastaki-okul-saldirisinda-bir-aci-haber-daha-11-yasindaki-alminayi-kaybettik","status":"publish","type":"post","link":"https:\/\/eskigazeteci.com\/?p=32055","title":{"rendered":"Kahramanmara\u015f&#8217;taki okul sald\u0131r\u0131s\u0131nda bir ac\u0131 haber daha: 11 ya\u015f\u0131ndaki Almina&#8217;y\u0131 kaybettik"},"content":{"rendered":"<p>Kahramanmara\u015f Merkez Oniki\u015fubat il\u00e7esi Ayser \u00c7al\u0131k Ortaokulu&#x27;nda meydana gelen silahl\u0131 sald\u0131r\u0131da 1 \u00f6\u011fretmen ve 8 \u00f6\u011frenci hayat\u0131n\u0131 kaybetmi\u015f, 17 \u00f6\u011frenci yaralanm\u0131\u015ft\u0131. Olayda sald\u0131rgan da \u00f6lm\u00fc\u015ft\u00fc.<\/p>\n<p>SALDIRGANLA B\u0130RL\u0130KTE \u00d6L\u00dc SAYISI 11&#x27;E Y\u00dcKSELD\u0130<\/p>\n<p>Sald\u0131r\u0131da kafas\u0131n\u0131n arkas\u0131na iki kur\u015fun isabet ederek a\u011f\u0131r yaralanan Almina A\u011fao\u011flu bug\u00fcn saat 05.45&#x27;te tedavi g\u00f6rd\u00fc\u011f\u00fc hastanede vefat etti. Almina&#x27;n\u0131n vefat\u0131 ile hayat\u0131n\u0131 kaybeden \u00f6\u011frencilerin say\u0131s\u0131 9&#x27;a olayda \u00f6lenlerin say\u0131s\u0131 ise 11&#x27;e y\u00fckseldi.<\/p>\n<p>NELER OLMU\u015eTU?<\/p>\n<p>Hat\u0131rlanaca\u011f\u0131 gibi 16 Nisan&#x27;da Kahramanmara\u015f merkez Oniki\u015fubat il\u00e7esi Haydarbey Mahallesi\u2019ndeki Ayser \u00c7al\u0131k Ortaokulu\u2019nda meydana geldi. \u0130ddiaya g\u00f6re; 8\u2019inci s\u0131n\u0131f \u00f6\u011frencisi \u0130sa Aras Mersinli, av t\u00fcfe\u011fiyle okula girdi ve rastgele ate\u015f a\u00e7maya ba\u015flad\u0131.<\/p>\n<p>Sald\u0131rgan\u0131n \u00f6ld\u00fc\u011f\u00fc olayda 8&#x27;i \u00f6\u011frenci 1&#x27;i \u00f6\u011fretmen olmak \u00fczere 9 ki\u015fi de hayat\u0131n\u0131 kaybetmi\u015f 17 ki\u015fi de yaralanm\u0131\u015ft\u0131.<\/p>\n<p>T\u00fcrkiye g\u00fcndeminden son dakika haberleri, bug\u00fcn ya\u015fanan en son geli\u015fmeler, siyaset g\u00fcndeminden g\u00fcncel haberler ve b\u00fct\u00fcn son dakika haberleri i\u00e7in H\u00fcrriyet&#x27;in internet haber sitesi hurriyet.com.tr; Hurriyet.com.tr haber i\u00e7erikleri kaynak g\u00f6sterilmeden al\u0131nt\u0131 yap\u0131lamaz, Kanuna ayk\u0131r\u0131 ve izinsiz olarak kopyalanamaz, ba\u015fka&#8230;<\/p>\n","protected":false},"excerpt":{"rendered":"<p>Kahramanmara\u015f&#8217;ta okula d\u00fczenlenen sald\u0131r\u0131da a\u011f\u0131r yaralanan 11 ya\u015f\u0131ndaki Almina A\u011fao\u011flu, tedavi g\u00f6rd\u00fc\u011f\u00fc hastanede bug\u00fcn sabah saatlerinde vefat etti.<\/p>\n","protected":false},"author":2,"featured_media":32054,"comment_status":"open","ping_status":"open","sticky":false,"template":"","format":"standard","meta":{"footnotes":""},"categories":[6,5],"tags":[],"class_list":["post-32055","post","type-post","status-publish","format-standard","has-post-thumbnail","hentry","category-gundem","category-son-dakika"],"_links":{"self":[{"href":"https:\/\/eskigazeteci.com\/index.php?rest_route=\/wp\/v2\/posts\/32055","targetHints":{"allow":["GET"]}}],"collection":[{"href":"https:\/\/eskigazeteci.com\/index.php?rest_route=\/wp\/v2\/posts"}],"about":[{"href":"https:\/\/eskigazeteci.com\/index.php?rest_route=\/wp\/v2\/types\/post"}],"author":[{"embeddable":true,"href":"https:\/\/eskigazeteci.com\/index.php?rest_route=\/wp\/v2\/users\/2"}],"replies":[{"embeddable":true,"href":"https:\/\/eskigazeteci.com\/index.php?rest_route=%2Fwp%2Fv2%2Fcomments&post=32055"}],"version-history":[{"count":0,"href":"https:\/\/eskigazeteci.com\/index.php?rest_route=\/wp\/v2\/posts\/32055\/revisions"}],"wp:featuredmedia":[{"embeddable":true,"href":"https:\/\/eskigazeteci.com\/index.php?rest_route=\/wp\/v2\/media\/32054"}],"wp:attachment":[{"href":"https:\/\/eskigazeteci.com\/index.php?rest_route=%2Fwp%2Fv2%2Fmedia&parent=32055"}],"wp:term":[{"taxonomy":"category","embeddable":true,"href":"https:\/\/eskigazeteci.com\/index.php?rest_route=%2Fwp%2Fv2%2Fcategories&post=32055"},{"taxonomy":"post_tag","embeddable":true,"href":"https:\/\/eskigazeteci.com\/index.php?rest_route=%2Fwp%2Fv2%2Ftags&post=32055"}],"curies":[{"name":"wp","href":"https:\/\/api.w.org\/{rel}","templated":true}]}}