{"id":32051,"date":"2026-05-03T07:29:25","date_gmt":"2026-05-03T07:29:25","guid":{"rendered":"https:\/\/eskigazeteci.com\/?p=32051"},"modified":"2026-05-03T07:29:25","modified_gmt":"2026-05-03T07:29:25","slug":"kurban-fiyatlari-2025-canli-kilo","status":"publish","type":"post","link":"https:\/\/eskigazeteci.com\/?p=32051","title":{"rendered":"KURBAN F\u0130YATLARI 2025 CANLI (K\u0130LO)"},"content":{"rendered":"<p>Kurban Bayram\u0131 2025 i\u00e7in geri say\u0131m ba\u015flarken, kurbanl\u0131k fiyatlar\u0131 canl\u0131 kilo fiyat\u0131 koyun, dana ve ke\u00e7i i\u00e7in merak konusu oldu. Kurbanl\u0131k fiyatlar\u0131 ve kurban kesim bedeli ne kadar sorusu yan\u0131t buldu. K\u00fc\u00e7\u00fckba\u015f ve b\u00fcy\u00fckba\u015f canl\u0131 kurban fiyatlar\u0131 hakk\u0131nda bilgi edinmek isteyen pek \u00e7ok vatanda\u015f, pazara gitmeden \u00f6nce internet \u00fczerinden ara\u015ft\u0131rmalar\u0131n\u0131 ger\u00e7ekle\u015ftiriyor. Di\u011fer taraftan yurt d\u0131\u015f\u0131 2025 kurban bedel fiyat\u0131n\u0131 a\u00e7\u0131klad\u0131. Vekaletle kurban kesme ibadetini ger\u00e7ekle\u015ftirecekler de kurban kesime bedelini ara\u015ft\u0131r\u0131yor. Diyanet ve K\u0131z\u0131lay&#x27;\u0131n vekaletle kurban kesim bedelleri belli oldu. Peki b\u00fcy\u00fckba\u015f ve k\u00fc\u00e7\u00fckba\u015f kurbanl\u0131k fiyatlar\u0131 bu sene ne kadar, kilo fiyat\u0131 ka\u00e7 TL? Diyanet ve K\u0131z\u0131lay Kurban kesim bedeli ne kadar 2025? \u0130\u015fte, o detaylar<\/p>\n<p>Kurbanl\u0131k fiyatlar\u0131 ve sat\u0131\u015f \u015feklinin illere g\u00f6re farkl\u0131l\u0131k arz etti\u011fine dikkat \u00e7eken Bayraktar \u015funlar\u0131 kaydetti: &quot;Kimi yerlerde canl\u0131 a\u011f\u0131rl\u0131k (bask\u00fcl) ve et (karkas) fiyat\u0131 \u00fczerinden, kimi yerlerde ise canl\u0131 hayvan (kabala) \u00fczerinden pazarl\u0131k y\u00f6ntemiyle ya da hisseli sat\u0131\u015flar yap\u0131l\u0131yor. Son zamanlarda \u00f6zellikle b\u00fcy\u00fck\u015fehirlerde kesim fiyat\u0131 da hayvan sat\u0131\u015f fiyat\u0131na d\u00e2hil ediliyor. Kurbanl\u0131k hayvan fiyatlar\u0131; illere, canl\u0131 a\u011f\u0131rl\u0131\u011fa, \u0131rk\u0131na&#8230;<\/p>\n","protected":false},"excerpt":{"rendered":"<p>Bu y\u0131l Kurban fiyatlar\u0131 2026, bayram yakla\u015f\u0131rken g\u00fcndemde yer al\u0131yor. Kurban bayram\u0131 \u00f6ncesi b\u00fcy\u00fckba\u015f-k\u00fc\u00e7\u00fckba\u015f hayvan fiyatlar\u0131 internet \u00fczerinden&#8230;<\/p>\n","protected":false},"author":2,"featured_media":32050,"comment_status":"open","ping_status":"open","sticky":false,"template":"","format":"standard","meta":{"footnotes":""},"categories":[6,5],"tags":[],"class_list":["post-32051","post","type-post","status-publish","format-standard","has-post-thumbnail","hentry","category-gundem","category-son-dakika"],"_links":{"self":[{"href":"https:\/\/eskigazeteci.com\/index.php?rest_route=\/wp\/v2\/posts\/32051","targetHints":{"allow":["GET"]}}],"collection":[{"href":"https:\/\/eskigazeteci.com\/index.php?rest_route=\/wp\/v2\/posts"}],"about":[{"href":"https:\/\/eskigazeteci.com\/index.php?rest_route=\/wp\/v2\/types\/post"}],"author":[{"embeddable":true,"href":"https:\/\/eskigazeteci.com\/index.php?rest_route=\/wp\/v2\/users\/2"}],"replies":[{"embeddable":true,"href":"https:\/\/eskigazeteci.com\/index.php?rest_route=%2Fwp%2Fv2%2Fcomments&post=32051"}],"version-history":[{"count":0,"href":"https:\/\/eskigazeteci.com\/index.php?rest_route=\/wp\/v2\/posts\/32051\/revisions"}],"wp:featuredmedia":[{"embeddable":true,"href":"https:\/\/eskigazeteci.com\/index.php?rest_route=\/wp\/v2\/media\/32050"}],"wp:attachment":[{"href":"https:\/\/eskigazeteci.com\/index.php?rest_route=%2Fwp%2Fv2%2Fmedia&parent=32051"}],"wp:term":[{"taxonomy":"category","embeddable":true,"href":"https:\/\/eskigazeteci.com\/index.php?rest_route=%2Fwp%2Fv2%2Fcategories&post=32051"},{"taxonomy":"post_tag","embeddable":true,"href":"https:\/\/eskigazeteci.com\/index.php?rest_route=%2Fwp%2Fv2%2Ftags&post=32051"}],"curies":[{"name":"wp","href":"https:\/\/api.w.org\/{rel}","templated":true}]}}