{"id":32049,"date":"2026-05-03T07:20:59","date_gmt":"2026-05-03T07:20:59","guid":{"rendered":"https:\/\/eskigazeteci.com\/?p=32049"},"modified":"2026-05-03T07:20:59","modified_gmt":"2026-05-03T07:20:59","slug":"hindistanda-bir-bina-alevler-icinde-kaldi-9-kisi-yasamini-yitirdi","status":"publish","type":"post","link":"https:\/\/eskigazeteci.com\/?p=32049","title":{"rendered":"Hindistan&#8217;da bir bina alevler i\u00e7inde kald\u0131: 9 ki\u015fi ya\u015fam\u0131n\u0131 yitirdi"},"content":{"rendered":"<p>India Today gazetesinin haberine g\u00f6re Vivek Vihar b\u00f6lgesinde bulunan 4 katl\u0131 bir konutta sabaha kar\u015f\u0131 yang\u0131n \u00e7\u0131kt\u0131.<\/p>\n<p>\u0130hbar \u00fczerine olay yerine \u00e7ok say\u0131da itfaiye ekibi sevk edildi.<\/p>\n<p>Yang\u0131nda ilk belirlemelere g\u00f6re 9 ki\u015fi hayat\u0131n\u0131 kaybetti, 4 ki\u015fi yaraland\u0131. Yang\u0131n\u0131n, klima patlamas\u0131 kaynakl\u0131 olabilece\u011fi de\u011ferlendiriliyor.<\/p>\n<p>Yetkililer, ilk katta \u00e7\u0131kan yang\u0131n\u0131n \u00fcst katlara yay\u0131ld\u0131\u011f\u0131n\u0131 ve geni\u015f \u00e7apl\u0131 bir kurtarma operasyonu y\u00fcr\u00fct\u00fcld\u00fc\u011f\u00fcn\u00fc bildirdi.<\/p>\n<p>Binadan yakla\u015f\u0131k 15 ki\u015finin kurtar\u0131ld\u0131\u011f\u0131n\u0131 aktaran yetkililer, yaral\u0131lardan baz\u0131lar\u0131n\u0131n hastanede tedavi alt\u0131na al\u0131nd\u0131\u011f\u0131n\u0131 kaydetti.<\/p>\n<p>Yurtd\u0131\u015f\u0131nda ya\u015fanan en son olaylar, d\u00fcnya g\u00fcndemine oturan d\u0131\u015f haberler, son dakika d\u00fcnya haberleri, di\u011fer d\u00fcnya \u00fclkelerinden g\u00fcncel haberler i\u00e7in T\u00fcrkiye&#x27;nin haber sitesi hurriyet.com.tr; Hurriyet.com.tr haber i\u00e7erikleri kaynak g\u00f6sterilmeden al\u0131nt\u0131 yap\u0131lamaz, Kanuna ayk\u0131r\u0131 ve izinsiz olarak kopyalanamaz, ba\u015fka yerde yay\u0131nlanamaz.<\/p>\n","protected":false},"excerpt":{"rendered":"<p>Hindistan&#8217;\u0131n ba\u015fkenti Yeni Delhi&#8217;de bir apartmanda \u00e7\u0131kan yang\u0131nda ilk belirlemelere g\u00f6re 9 ki\u015fi hayat\u0131n\u0131 kaydetti, 4 ki\u015fi yaraland\u0131.<\/p>\n","protected":false},"author":2,"featured_media":32048,"comment_status":"open","ping_status":"open","sticky":false,"template":"","format":"standard","meta":{"footnotes":""},"categories":[6,5],"tags":[],"class_list":["post-32049","post","type-post","status-publish","format-standard","has-post-thumbnail","hentry","category-gundem","category-son-dakika"],"_links":{"self":[{"href":"https:\/\/eskigazeteci.com\/index.php?rest_route=\/wp\/v2\/posts\/32049","targetHints":{"allow":["GET"]}}],"collection":[{"href":"https:\/\/eskigazeteci.com\/index.php?rest_route=\/wp\/v2\/posts"}],"about":[{"href":"https:\/\/eskigazeteci.com\/index.php?rest_route=\/wp\/v2\/types\/post"}],"author":[{"embeddable":true,"href":"https:\/\/eskigazeteci.com\/index.php?rest_route=\/wp\/v2\/users\/2"}],"replies":[{"embeddable":true,"href":"https:\/\/eskigazeteci.com\/index.php?rest_route=%2Fwp%2Fv2%2Fcomments&post=32049"}],"version-history":[{"count":0,"href":"https:\/\/eskigazeteci.com\/index.php?rest_route=\/wp\/v2\/posts\/32049\/revisions"}],"wp:featuredmedia":[{"embeddable":true,"href":"https:\/\/eskigazeteci.com\/index.php?rest_route=\/wp\/v2\/media\/32048"}],"wp:attachment":[{"href":"https:\/\/eskigazeteci.com\/index.php?rest_route=%2Fwp%2Fv2%2Fmedia&parent=32049"}],"wp:term":[{"taxonomy":"category","embeddable":true,"href":"https:\/\/eskigazeteci.com\/index.php?rest_route=%2Fwp%2Fv2%2Fcategories&post=32049"},{"taxonomy":"post_tag","embeddable":true,"href":"https:\/\/eskigazeteci.com\/index.php?rest_route=%2Fwp%2Fv2%2Ftags&post=32049"}],"curies":[{"name":"wp","href":"https:\/\/api.w.org\/{rel}","templated":true}]}}