{"id":32045,"date":"2026-05-03T07:09:26","date_gmt":"2026-05-03T07:09:26","guid":{"rendered":"https:\/\/eskigazeteci.com\/?p=32045"},"modified":"2026-05-03T07:09:26","modified_gmt":"2026-05-03T07:09:26","slug":"iran-abdye-sure-verdi-muzakere-takvimi-belli-oldu","status":"publish","type":"post","link":"https:\/\/eskigazeteci.com\/?p=32045","title":{"rendered":"\u0130ran ABD&#8217;ye s\u00fcre verdi: M\u00fczakere takvimi belli oldu"},"content":{"rendered":"<p>\u0130ran ABD&#x27;ye s\u00fcre verdi: M\u00fczakere takvimi belli oldu<\/p>\n<p>Axios\u2019un haberine g\u00f6re Tahran y\u00f6netimi, H\u00fcrm\u00fcz Bo\u011faz\u0131 \u2019n\u0131n yeniden a\u00e7\u0131lmas\u0131n\u0131, ABD \u2019nin deniz ablukas\u0131n\u0131 sonland\u0131rmas\u0131n\u0131 ve L\u00fcbnan&#x27;da dahil kal\u0131c\u0131 ate\u015fkes sa\u011flanmas\u0131n\u0131 i\u00e7eren bir m\u00fczakere takvimi belirledi. \u0130ran h\u00fck\u00fcmeti, ABD\u2019ye deniz ablukas\u0131n\u0131n kald\u0131r\u0131lmas\u0131 ve \u0130ran ile L\u00fcbnan\u2019daki \u00e7at\u0131\u015fmalar\u0131n sona erdirilmesi i\u00e7in bir ayl\u0131k s\u00fcre tan\u0131d\u0131.<\/p>\n<p>ZAMAN \u00c7\u0130ZELGES\u0130 BEL\u0130RLEND\u0130<\/p>\n<p>Konuya yak\u0131n iki kaynak, \u00f6nerinin bu ba\u015fl\u0131klar i\u00e7in net bir zaman \u00e7izelgesi i\u00e7erdi\u011fini aktard\u0131. Ayr\u0131ca plan\u0131n, ilk a\u015faman\u0131n ard\u0131ndan n\u00fckleer programa odaklanacak ikinci bir m\u00fczakere s\u00fcrecini de kapsad\u0131\u011f\u0131 belirtildi.<\/p>\n<p>Per\u015fembe g\u00fcn\u00fc Washington\u2019a sunulan 14 maddelik revize \u00e7er\u00e7eve anla\u015fmas\u0131n\u0131n, deniz eri\u015fimini g\u00fcvence alt\u0131na almay\u0131 ve taraflar aras\u0131nda kal\u0131c\u0131 bir uzla\u015f\u0131 olu\u015fturmay\u0131 hedefledi\u011fi ifade edilmi\u015fti.<\/p>\n<p>\u0130ran D\u0131\u015fi\u015fleri Bakanl\u0131\u011f\u0131 S\u00f6zc\u00fcs\u00fc \u0130smail Bekayi, ABD Ba\u015fkan\u0131 Donald Trump&#x27;\u0131n, \u0130ran&#x27;a ait gemilere m\u00fcdahalelerle ilgili &quot;korsan gibiyiz&quot; \u015feklindeki a\u00e7\u0131klamalar\u0131na ili\u015fkin, &quot;Bu, uluslararas\u0131 denizcilik seyrine y\u00f6nelik eylemlerinin su\u00e7 te\u015fkil eden niteli\u011fine dair do\u011frudan ve mahkum edici bir itiraft\u0131.&quot; ifadelerini kulland\u0131.<\/p>\n<p>Bekayi, ABD merkezli X \u015firketinin sosyal&#8230;<\/p>\n","protected":false},"excerpt":{"rendered":"<p>\u0130ran-ABD-\u0130srail sava\u015f\u0131 son dakika haberleri&#8230; \u0130ran&#8217;\u0131n, ABD y\u00f6netimine 14 maddelik ate\u015fkes plan\u0131n\u0131n m\u00fczakere edilmesi i\u00e7in 1 ayl\u0131k s\u00fcre tan\u0131d\u0131\u011f\u0131 \u00f6ne s\u00fcr\u00fcld\u00fc&#8230;.<\/p>\n","protected":false},"author":2,"featured_media":32044,"comment_status":"open","ping_status":"open","sticky":false,"template":"","format":"standard","meta":{"footnotes":""},"categories":[6,5],"tags":[],"class_list":["post-32045","post","type-post","status-publish","format-standard","has-post-thumbnail","hentry","category-gundem","category-son-dakika"],"_links":{"self":[{"href":"https:\/\/eskigazeteci.com\/index.php?rest_route=\/wp\/v2\/posts\/32045","targetHints":{"allow":["GET"]}}],"collection":[{"href":"https:\/\/eskigazeteci.com\/index.php?rest_route=\/wp\/v2\/posts"}],"about":[{"href":"https:\/\/eskigazeteci.com\/index.php?rest_route=\/wp\/v2\/types\/post"}],"author":[{"embeddable":true,"href":"https:\/\/eskigazeteci.com\/index.php?rest_route=\/wp\/v2\/users\/2"}],"replies":[{"embeddable":true,"href":"https:\/\/eskigazeteci.com\/index.php?rest_route=%2Fwp%2Fv2%2Fcomments&post=32045"}],"version-history":[{"count":0,"href":"https:\/\/eskigazeteci.com\/index.php?rest_route=\/wp\/v2\/posts\/32045\/revisions"}],"wp:featuredmedia":[{"embeddable":true,"href":"https:\/\/eskigazeteci.com\/index.php?rest_route=\/wp\/v2\/media\/32044"}],"wp:attachment":[{"href":"https:\/\/eskigazeteci.com\/index.php?rest_route=%2Fwp%2Fv2%2Fmedia&parent=32045"}],"wp:term":[{"taxonomy":"category","embeddable":true,"href":"https:\/\/eskigazeteci.com\/index.php?rest_route=%2Fwp%2Fv2%2Fcategories&post=32045"},{"taxonomy":"post_tag","embeddable":true,"href":"https:\/\/eskigazeteci.com\/index.php?rest_route=%2Fwp%2Fv2%2Ftags&post=32045"}],"curies":[{"name":"wp","href":"https:\/\/api.w.org\/{rel}","templated":true}]}}