{"id":32041,"date":"2026-05-03T06:49:22","date_gmt":"2026-05-03T06:49:22","guid":{"rendered":"https:\/\/eskigazeteci.com\/?p=32041"},"modified":"2026-05-03T06:49:22","modified_gmt":"2026-05-03T06:49:22","slug":"dikkat-meteoroloji-saat-verip-uyardi-41-il-icin-sari-kodlu-alarm-verildi","status":"publish","type":"post","link":"https:\/\/eskigazeteci.com\/?p=32041","title":{"rendered":"Dikkat! Meteoroloji saat verip uyard\u0131: 41 il i\u00e7in sar\u0131 kodlu alarm verildi"},"content":{"rendered":"<p>Bir\u00e7ok kent May\u0131s ay\u0131na ya\u011f\u0131\u015fl\u0131 ve so\u011fuk havayla giri\u015f yapt\u0131. \u00d6yle ki baz\u0131 illerimizde kar ya\u011f\u0131\u015f\u0131 bile g\u00f6r\u00fcld\u00fc. Bu ya\u011f\u0131\u015flar\u0131n bir s\u00fcre daha devam etmesi bekleniyor. Yap\u0131lan 5 g\u00fcnl\u00fck tahminlere g\u00f6re bug\u00fcn ve yar\u0131n yurdun tamam\u0131na yak\u0131n\u0131nda ya\u011f\u0131\u015flar etkili olacak.<\/p>\n<p>BUG\u00dcN 41 \u0130L \u0130\u00c7\u0130N SARI KODLU ALARM VER\u0130LD\u0130<\/p>\n<p>Meteoroloji Genel M\u00fcd\u00fcrl\u00fc\u011f\u00fc, bug\u00fcn i\u00e7in \u00e7ok say\u0131da il i\u00e7in sar\u0131 kodlu alarm verdi. Meteoroloji&#x27;nin sar\u0131 korlu uyar\u0131da bulundu\u011fu 41 il \u015funlar oldu:<\/p>\n<p>Adana, Ad\u0131yaman, Afyonkarahisar, Ankara, Antalya, Ayd\u0131n, Bal\u0131kesir, Bilecik, Burdur, Bursa, \u00c7anakkale, Denizli, Diyarbak\u0131r, Eski\u015fehir, Gaziantep, Hatay, Isparta, Mersin, \u0130stanbul, \u0130zmir, K\u0131rklareli, K\u0131r\u015fehir, Kocaeli, Konya, K\u00fctahya, Manisa, K.Mara\u015f, Mu\u011fla, Sakarya, Sivas, Tekirda\u011f, \u015eanl\u0131urfa, U\u015fak, Yozgat, Aksaray, Karaman, K\u0131r\u0131kkale, Batman, Yalova, Kilis, Osmaniye<\/p>\n<p>YARIN \u0130\u00c7\u0130N 21 \u0130LE SARI SARI KODLU UYARI<\/p>\n<p>Meteoroloji, yar\u0131n i\u00e7in de 21 il i\u00e7in sar\u0131 kodlu alarm verdi. O iller ise \u015funlar oldu: fyonkarahisar, Ankara, Ayd\u0131n, Bal\u0131kesir, Bilecik, Bursa, Denizli, Eski\u015fehir, \u0130zmir, Kocaeli, Konya, K\u00fctahya, Manisa, Mu\u011fla, Sakarya, Siirt, U\u015fak, Yozgat, K\u0131r\u0131kkale, Batman, Yalova<\/p>\n<p>MARMARA&#x27;DA FIRTINA BEKLEN\u0130YOR<\/p>\n<p>Meteoroloji&#x27;den Marmara i\u00e7in&#8230;<\/p>\n","protected":false},"excerpt":{"rendered":"<p>Meteoroloji Genel M\u00fcd\u00fcrl\u00fc\u011f\u00fc g\u00fcncel hava durumu tahmin raporunu yay\u0131mlad\u0131. Buna g\u00f6re yurdun geni\u015f bir b\u00f6l\u00fcm\u00fcnde ya\u011f\u0131\u015f bekleniyor. Marmara i\u00e7in de f\u0131rt\u0131na&#8230;<\/p>\n","protected":false},"author":2,"featured_media":32040,"comment_status":"open","ping_status":"open","sticky":false,"template":"","format":"standard","meta":{"footnotes":""},"categories":[6,5],"tags":[],"class_list":["post-32041","post","type-post","status-publish","format-standard","has-post-thumbnail","hentry","category-gundem","category-son-dakika"],"_links":{"self":[{"href":"https:\/\/eskigazeteci.com\/index.php?rest_route=\/wp\/v2\/posts\/32041","targetHints":{"allow":["GET"]}}],"collection":[{"href":"https:\/\/eskigazeteci.com\/index.php?rest_route=\/wp\/v2\/posts"}],"about":[{"href":"https:\/\/eskigazeteci.com\/index.php?rest_route=\/wp\/v2\/types\/post"}],"author":[{"embeddable":true,"href":"https:\/\/eskigazeteci.com\/index.php?rest_route=\/wp\/v2\/users\/2"}],"replies":[{"embeddable":true,"href":"https:\/\/eskigazeteci.com\/index.php?rest_route=%2Fwp%2Fv2%2Fcomments&post=32041"}],"version-history":[{"count":0,"href":"https:\/\/eskigazeteci.com\/index.php?rest_route=\/wp\/v2\/posts\/32041\/revisions"}],"wp:featuredmedia":[{"embeddable":true,"href":"https:\/\/eskigazeteci.com\/index.php?rest_route=\/wp\/v2\/media\/32040"}],"wp:attachment":[{"href":"https:\/\/eskigazeteci.com\/index.php?rest_route=%2Fwp%2Fv2%2Fmedia&parent=32041"}],"wp:term":[{"taxonomy":"category","embeddable":true,"href":"https:\/\/eskigazeteci.com\/index.php?rest_route=%2Fwp%2Fv2%2Fcategories&post=32041"},{"taxonomy":"post_tag","embeddable":true,"href":"https:\/\/eskigazeteci.com\/index.php?rest_route=%2Fwp%2Fv2%2Ftags&post=32041"}],"curies":[{"name":"wp","href":"https:\/\/api.w.org\/{rel}","templated":true}]}}