{"id":32037,"date":"2026-05-03T06:29:19","date_gmt":"2026-05-03T06:29:19","guid":{"rendered":"https:\/\/eskigazeteci.com\/?p=32037"},"modified":"2026-05-03T06:29:19","modified_gmt":"2026-05-03T06:29:19","slug":"seda-sayan-gecekondu-cocuguyum-agzimda-gumus-kasikla-dogmadim","status":"publish","type":"post","link":"https:\/\/eskigazeteci.com\/?p=32037","title":{"rendered":"Seda Sayan: Gecekondu \u00e7ocu\u011fuyum, a\u011fz\u0131mda g\u00fcm\u00fc\u015f ka\u015f\u0131kla do\u011fmad\u0131m"},"content":{"rendered":"<p>Seda Sayan, g\u00fcndemin en \u00e7ok konu\u015fulan konular\u0131n\u0131 \u2018Seda Sayan ile Bac\u0131lar\u0131n Bac\u0131s\u0131\u2019 program\u0131nda yorumlamaya devam ediyor. Sayan, \u201cSiz hi\u00e7 t\u00fckenmi\u015flik sendromu ya\u015fad\u0131n\u0131z m\u0131?\u201d sorusuna \u015fu yan\u0131t\u0131 verdi:<\/p>\n<p>\u201cHi\u00e7 profesyonel yard\u0131m almad\u0131m, bug\u00fcne kadar da \u2018t\u00fckendim\u2019 demedim. Bana \u2018Sen g\u00fc\u00e7l\u00fc kad\u0131ns\u0131n\u2019 diyorlar. Ben g\u00fc\u00e7l\u00fc do\u011fmad\u0131m ki. A\u011fz\u0131mda havyar dolu g\u00fcm\u00fc\u015f ka\u015f\u0131kla da do\u011fmad\u0131m. Gecekondu \u00e7ocu\u011fuyum. Ekmek alam\u0131yorduk. T\u0131rnaklar\u0131mla kaz\u0131yarak, kimseye de bir yerimi dayamadan bug\u00fcne geldim. Allah bana \u00f6yle bir g\u00fc\u00e7 vermi\u015f ki her \u015feyimi al\u0131n benden yine s\u0131f\u0131rdan ba\u015flay\u0131p yine ayn\u0131s\u0131n\u0131 yapar\u0131m. Nas\u0131l m\u0131 para kazan\u0131r\u0131m? Ben var ya i\u015fportac\u0131l\u0131k bile yapt\u0131m. Akl\u0131n almaz.\u201d<\/p>\n<p>ERKEK SEN\u0130 DE\u011e\u0130L SEN ONU T\u00dcKET<\/p>\n<p>Seda Sayan, kad\u0131nlar\u0131n erkekler y\u00fcz\u00fcnden t\u00fckenmemesi gerekti\u011fini de vurgulad\u0131: \u201cAnlam\u0131yorum ki. Bir erkek seni nas\u0131l t\u00fcketebilir? Sen onu t\u00fcket, o t\u00fckensin. Bir erkek i\u00e7in de asla hayat\u0131n\u0131z\u0131 de\u011fi\u015ftirmeye kalkmay\u0131n.\u201d<\/p>\n<p>N\u0130\u015eANE KIL OLSAYDI AYI KRAL OLURDU<\/p>\n<p>Seda Sayan , e\u015fi \u00c7a\u011flar \u00d6kten ile tart\u0131\u015fma sonras\u0131 neler yapt\u0131\u011f\u0131n\u0131 anlatt\u0131: \u201cAk\u015fam \u00c7a\u011flar\u2019la bir \u015feye tart\u0131\u015ft\u0131k. Ertesi sabah hi\u00e7bir \u015fey olmam\u0131\u015f gibi uyan\u0131r\u0131m ve yan\u0131mdakinin siniri bozulur.\u201d<\/p>\n<p>\u015eark\u0131c\u0131 erkeklerin bak\u0131m yapt\u0131rmas\u0131 gerekti\u011fini de&#8230;<\/p>\n","protected":false},"excerpt":{"rendered":"<p>Seda Sayan, hi\u00e7 t\u00fckenmi\u015flik sendromu ya\u015famad\u0131\u011f\u0131n\u0131 a\u00e7\u0131klad\u0131. \u015eark\u0131c\u0131, \u201cA\u011fz\u0131mda havyar dolu g\u00fcm\u00fc\u015f ka\u015f\u0131kla do\u011fmad\u0131m. Gecekondu \u00e7ocu\u011fuyum. Ben var ya&#8230;<\/p>\n","protected":false},"author":2,"featured_media":32036,"comment_status":"open","ping_status":"open","sticky":false,"template":"","format":"standard","meta":{"footnotes":""},"categories":[6,5],"tags":[],"class_list":["post-32037","post","type-post","status-publish","format-standard","has-post-thumbnail","hentry","category-gundem","category-son-dakika"],"_links":{"self":[{"href":"https:\/\/eskigazeteci.com\/index.php?rest_route=\/wp\/v2\/posts\/32037","targetHints":{"allow":["GET"]}}],"collection":[{"href":"https:\/\/eskigazeteci.com\/index.php?rest_route=\/wp\/v2\/posts"}],"about":[{"href":"https:\/\/eskigazeteci.com\/index.php?rest_route=\/wp\/v2\/types\/post"}],"author":[{"embeddable":true,"href":"https:\/\/eskigazeteci.com\/index.php?rest_route=\/wp\/v2\/users\/2"}],"replies":[{"embeddable":true,"href":"https:\/\/eskigazeteci.com\/index.php?rest_route=%2Fwp%2Fv2%2Fcomments&post=32037"}],"version-history":[{"count":0,"href":"https:\/\/eskigazeteci.com\/index.php?rest_route=\/wp\/v2\/posts\/32037\/revisions"}],"wp:featuredmedia":[{"embeddable":true,"href":"https:\/\/eskigazeteci.com\/index.php?rest_route=\/wp\/v2\/media\/32036"}],"wp:attachment":[{"href":"https:\/\/eskigazeteci.com\/index.php?rest_route=%2Fwp%2Fv2%2Fmedia&parent=32037"}],"wp:term":[{"taxonomy":"category","embeddable":true,"href":"https:\/\/eskigazeteci.com\/index.php?rest_route=%2Fwp%2Fv2%2Fcategories&post=32037"},{"taxonomy":"post_tag","embeddable":true,"href":"https:\/\/eskigazeteci.com\/index.php?rest_route=%2Fwp%2Fv2%2Ftags&post=32037"}],"curies":[{"name":"wp","href":"https:\/\/api.w.org\/{rel}","templated":true}]}}