{"id":32035,"date":"2026-05-03T06:00:53","date_gmt":"2026-05-03T06:00:53","guid":{"rendered":"https:\/\/eskigazeteci.com\/?p=32035"},"modified":"2026-05-03T06:00:53","modified_gmt":"2026-05-03T06:00:53","slug":"bursada-otomobilin-carptigi-yaya-agir-yaralandi","status":"publish","type":"post","link":"https:\/\/eskigazeteci.com\/?p=32035","title":{"rendered":"Bursa&#8217;da otomobilin \u00e7arpt\u0131\u011f\u0131 yaya a\u011f\u0131r yaraland\u0131"},"content":{"rendered":"<p>Kaza , saat 05.00 s\u0131ralar\u0131nda Ulubatl\u0131 Hasan Bulvar\u0131&#x27;nda meydana geldi. \u0130ddiaya g\u00f6re, G.U.&#x27;nun kulland\u0131\u011f\u0131 16 BTE 701 plakal\u0131 otomobil, yolun kar\u015f\u0131s\u0131na ge\u00e7meye \u00e7al\u0131\u015fan M.B.\u2019ye \u00e7arpt\u0131. \u00c7arpman\u0131n etkisiyle yola savrulan M.B. a\u011f\u0131r yaraland\u0131. S\u00fcr\u00fcc\u00fc G.U. ise arac\u0131n\u0131 yakla\u015f\u0131k 100 metre ileride park ederek olay yerinden ka\u00e7t\u0131. \u00c7evredekilerin ihbar\u0131 \u00fczerine kaza yerine sa\u011fl\u0131k ve polis ekipleri sevk edildi. Yaral\u0131, sa\u011fl\u0131k ekiplerinin ilk m\u00fcdahalesinin ard\u0131ndan ambulansla hastaneye kald\u0131r\u0131ld\u0131. Tedaviye al\u0131nan M.B.&#x27;nin hayati tehlikesinin bulundu\u011fu \u00f6\u011frenildi. Kazan\u0131n ard\u0131ndan ka\u00e7an s\u00fcr\u00fcc\u00fc, yakla\u015f\u0131k 500 metre uzakl\u0131ktaki bir akaryak\u0131t istasyonunda polis ekiplerince yakalanarak g\u00f6zalt\u0131na al\u0131nd\u0131. Yap\u0131lan kontrolde G.U.\u2019nun 1.34 promil alkoll\u00fc oldu\u011fu tespit edildi.<\/p>\n<p>Polis, kazayla ilgili soru\u015fturma ba\u015flatt\u0131. (DHA)<\/p>\n<p>T\u00fcrkiye g\u00fcndeminden son dakika haberleri, bug\u00fcn ya\u015fanan en son geli\u015fmeler, siyaset g\u00fcndeminden g\u00fcncel haberler ve b\u00fct\u00fcn son dakika haberleri i\u00e7in H\u00fcrriyet&#x27;in internet haber sitesi hurriyet.com.tr; Hurriyet.com.tr haber i\u00e7erikleri kaynak g\u00f6sterilmeden al\u0131nt\u0131 yap\u0131lamaz, Kanuna ayk\u0131r\u0131 ve izinsiz olarak kopyalanamaz, ba\u015fka yerde yay\u0131nlanamaz.<\/p>\n","protected":false},"excerpt":{"rendered":"<p>BURSA&#8217;n\u0131n Osmangazi il\u00e7esinde yolun kar\u015f\u0131s\u0131na ge\u00e7meye \u00e7al\u0131\u015fan M.B. (46), otomobilin \u00e7arpmas\u0131 sonucu a\u011f\u0131r yaraland\u0131. Kazan\u0131n ard\u0131ndan arac\u0131n\u0131 park ederek&#8230;<\/p>\n","protected":false},"author":2,"featured_media":32034,"comment_status":"open","ping_status":"open","sticky":false,"template":"","format":"standard","meta":{"footnotes":""},"categories":[6,5],"tags":[],"class_list":["post-32035","post","type-post","status-publish","format-standard","has-post-thumbnail","hentry","category-gundem","category-son-dakika"],"_links":{"self":[{"href":"https:\/\/eskigazeteci.com\/index.php?rest_route=\/wp\/v2\/posts\/32035","targetHints":{"allow":["GET"]}}],"collection":[{"href":"https:\/\/eskigazeteci.com\/index.php?rest_route=\/wp\/v2\/posts"}],"about":[{"href":"https:\/\/eskigazeteci.com\/index.php?rest_route=\/wp\/v2\/types\/post"}],"author":[{"embeddable":true,"href":"https:\/\/eskigazeteci.com\/index.php?rest_route=\/wp\/v2\/users\/2"}],"replies":[{"embeddable":true,"href":"https:\/\/eskigazeteci.com\/index.php?rest_route=%2Fwp%2Fv2%2Fcomments&post=32035"}],"version-history":[{"count":0,"href":"https:\/\/eskigazeteci.com\/index.php?rest_route=\/wp\/v2\/posts\/32035\/revisions"}],"wp:featuredmedia":[{"embeddable":true,"href":"https:\/\/eskigazeteci.com\/index.php?rest_route=\/wp\/v2\/media\/32034"}],"wp:attachment":[{"href":"https:\/\/eskigazeteci.com\/index.php?rest_route=%2Fwp%2Fv2%2Fmedia&parent=32035"}],"wp:term":[{"taxonomy":"category","embeddable":true,"href":"https:\/\/eskigazeteci.com\/index.php?rest_route=%2Fwp%2Fv2%2Fcategories&post=32035"},{"taxonomy":"post_tag","embeddable":true,"href":"https:\/\/eskigazeteci.com\/index.php?rest_route=%2Fwp%2Fv2%2Ftags&post=32035"}],"curies":[{"name":"wp","href":"https:\/\/api.w.org\/{rel}","templated":true}]}}