{"id":32031,"date":"2026-05-03T05:50:14","date_gmt":"2026-05-03T05:50:14","guid":{"rendered":"https:\/\/eskigazeteci.com\/?p=32031"},"modified":"2026-05-03T05:50:14","modified_gmt":"2026-05-03T05:50:14","slug":"birlesik-arap-emirlikleri-sivil-havacilik-otoritesi-hava-trafigini-normalola-dondurdu","status":"publish","type":"post","link":"https:\/\/eskigazeteci.com\/?p=32031","title":{"rendered":"Birle\u015fik Arap Emirlikleri Sivil Havac\u0131l\u0131k Otoritesi Hava Trafi\u011fini Normalola Dondurdu"},"content":{"rendered":"<p>Birle\u015fik Arap Emirlikleri Sivil Havac\u0131l\u0131k Otoritesi, hava sahas\u0131nda uygulanan ge\u00e7ici tedbirlerin kald\u0131r\u0131ld\u0131\u011f\u0131n\u0131 ve hava trafi\u011finin normale d\u00f6nd\u00fc\u011f\u00fcn\u00fc bildirdi.<\/p>\n","protected":false},"excerpt":{"rendered":"<p>Sivil havac\u0131l\u0131k organizasyonu, hava sahas\u0131nda ge\u00e7ici tedbirlerin kald\u0131r\u0131ld\u0131\u011f\u0131n\u0131 ve normale d\u00f6nd\u00fc\u011f\u00fcn\u00fc bildirdi.<\/p>\n","protected":false},"author":2,"featured_media":32030,"comment_status":"open","ping_status":"open","sticky":false,"template":"","format":"standard","meta":{"footnotes":""},"categories":[6,5],"tags":[],"class_list":["post-32031","post","type-post","status-publish","format-standard","has-post-thumbnail","hentry","category-gundem","category-son-dakika"],"_links":{"self":[{"href":"https:\/\/eskigazeteci.com\/index.php?rest_route=\/wp\/v2\/posts\/32031","targetHints":{"allow":["GET"]}}],"collection":[{"href":"https:\/\/eskigazeteci.com\/index.php?rest_route=\/wp\/v2\/posts"}],"about":[{"href":"https:\/\/eskigazeteci.com\/index.php?rest_route=\/wp\/v2\/types\/post"}],"author":[{"embeddable":true,"href":"https:\/\/eskigazeteci.com\/index.php?rest_route=\/wp\/v2\/users\/2"}],"replies":[{"embeddable":true,"href":"https:\/\/eskigazeteci.com\/index.php?rest_route=%2Fwp%2Fv2%2Fcomments&post=32031"}],"version-history":[{"count":0,"href":"https:\/\/eskigazeteci.com\/index.php?rest_route=\/wp\/v2\/posts\/32031\/revisions"}],"wp:featuredmedia":[{"embeddable":true,"href":"https:\/\/eskigazeteci.com\/index.php?rest_route=\/wp\/v2\/media\/32030"}],"wp:attachment":[{"href":"https:\/\/eskigazeteci.com\/index.php?rest_route=%2Fwp%2Fv2%2Fmedia&parent=32031"}],"wp:term":[{"taxonomy":"category","embeddable":true,"href":"https:\/\/eskigazeteci.com\/index.php?rest_route=%2Fwp%2Fv2%2Fcategories&post=32031"},{"taxonomy":"post_tag","embeddable":true,"href":"https:\/\/eskigazeteci.com\/index.php?rest_route=%2Fwp%2Fv2%2Ftags&post=32031"}],"curies":[{"name":"wp","href":"https:\/\/api.w.org\/{rel}","templated":true}]}}