{"id":32029,"date":"2026-05-03T05:49:04","date_gmt":"2026-05-03T05:49:04","guid":{"rendered":"https:\/\/eskigazeteci.com\/?p=32029"},"modified":"2026-05-03T05:49:04","modified_gmt":"2026-05-03T05:49:04","slug":"antonis-remos-luks-araci-ile-istanbul-tuyari","status":"publish","type":"post","link":"https:\/\/eskigazeteci.com\/?p=32029","title":{"rendered":"Antonis Remos: L\u00fcks Arac\u0131 ile \u0130stanbul Tuyar\u0131"},"content":{"rendered":"<p>Yunan \u015eark\u0131c\u0131 Konser \u00d6ncesi \u0130stanbul&#x27;a E\u015fi Yvonne Bosnjak ile geldi. Yunan \u015fark\u0131c\u0131s\u0131, \u0130stanbul&#x27;da kald\u0131\u011f\u0131 s\u00fcrece \u015fehri dola\u015fmas\u0131 i\u00e7in 80 milyon lira de\u011ferindeki Rolls-Royce marka ara\u00e7 tahsis edildi.<\/p>\n","protected":false},"excerpt":{"rendered":"<p>Antonis Remos d\u00fcn Gece Volkswagen Arena&#8217;nda Hayranlar\u0131n\u0131n Sayfada \u00c7\u0131k\u0131\u015f.<\/p>\n","protected":false},"author":2,"featured_media":32028,"comment_status":"open","ping_status":"open","sticky":false,"template":"","format":"standard","meta":{"footnotes":""},"categories":[6,5],"tags":[],"class_list":["post-32029","post","type-post","status-publish","format-standard","has-post-thumbnail","hentry","category-gundem","category-son-dakika"],"_links":{"self":[{"href":"https:\/\/eskigazeteci.com\/index.php?rest_route=\/wp\/v2\/posts\/32029","targetHints":{"allow":["GET"]}}],"collection":[{"href":"https:\/\/eskigazeteci.com\/index.php?rest_route=\/wp\/v2\/posts"}],"about":[{"href":"https:\/\/eskigazeteci.com\/index.php?rest_route=\/wp\/v2\/types\/post"}],"author":[{"embeddable":true,"href":"https:\/\/eskigazeteci.com\/index.php?rest_route=\/wp\/v2\/users\/2"}],"replies":[{"embeddable":true,"href":"https:\/\/eskigazeteci.com\/index.php?rest_route=%2Fwp%2Fv2%2Fcomments&post=32029"}],"version-history":[{"count":0,"href":"https:\/\/eskigazeteci.com\/index.php?rest_route=\/wp\/v2\/posts\/32029\/revisions"}],"wp:featuredmedia":[{"embeddable":true,"href":"https:\/\/eskigazeteci.com\/index.php?rest_route=\/wp\/v2\/media\/32028"}],"wp:attachment":[{"href":"https:\/\/eskigazeteci.com\/index.php?rest_route=%2Fwp%2Fv2%2Fmedia&parent=32029"}],"wp:term":[{"taxonomy":"category","embeddable":true,"href":"https:\/\/eskigazeteci.com\/index.php?rest_route=%2Fwp%2Fv2%2Fcategories&post=32029"},{"taxonomy":"post_tag","embeddable":true,"href":"https:\/\/eskigazeteci.com\/index.php?rest_route=%2Fwp%2Fv2%2Ftags&post=32029"}],"curies":[{"name":"wp","href":"https:\/\/api.w.org\/{rel}","templated":true}]}}