{"id":32027,"date":"2026-05-03T05:39:17","date_gmt":"2026-05-03T05:39:17","guid":{"rendered":"https:\/\/eskigazeteci.com\/?p=32027"},"modified":"2026-05-03T05:39:17","modified_gmt":"2026-05-03T05:39:17","slug":"torunuydu-genc-yildiz-oldu","status":"publish","type":"post","link":"https:\/\/eskigazeteci.com\/?p=32027","title":{"rendered":"Torunuydu gen\u00e7 y\u0131ld\u0131z oldu!"},"content":{"rendered":"<p>Cilasun, hik\u00e2yesinin yer ald\u0131\u011f\u0131 \u2018Neden Olmas\u0131n\u2019 isimli kitab\u0131n imza g\u00fcn\u00fcne kat\u0131ld\u0131. Usta oyuncuya etkinlikte, 2019-2021 y\u0131llar\u0131 aras\u0131 \u2018Sefirin K\u0131z\u0131\u2019 dizisinde torununu oynayan Beren Gen\u00e7alp s\u00fcrpriz yapt\u0131.<\/p>\n<p>Gonca Cilasun , \u201cBenim g\u00fczel k\u0131z\u0131m, ne kadar b\u00fcy\u00fcm\u00fc\u015fs\u00fcn. Zaten takip ediyorum. Ama uzun zamand\u0131r kar\u015f\u0131la\u015fmam\u0131\u015ft\u0131k. Seni g\u00f6rd\u00fc\u011f\u00fcme o kadar sevindim ki\u201d dedi.<\/p>\n<p>Beren Gen\u00e7alp \u2019\u0131n g\u00f6zya\u015flar\u0131n\u0131 tutamad\u0131\u011f\u0131 duygu dolu anlar ya\u015fad\u0131. Gen\u00e7 oyuncuyu takip etti\u011fini ve onunla iftihar etti\u011fini belirten Cilasun, \u201cYolculu\u011fun \u00e7ok g\u00fczel olsun\u201d temennisinde bulundu.<\/p>\n<p>T\u00fcrkiye&#x27;den ve D\u00fcnya\u2019dan son dakika haberleri, k\u00f6\u015fe yaz\u0131lar\u0131, magazinden siyasete, spordan seyahate b\u00fct\u00fcn konular\u0131n tek adresi Hurriyet.com.tr haber i\u00e7erikleri izin al\u0131nmadan, kaynak g\u00f6sterilerek dahi iktibas edilemez. Kanuna ayk\u0131r\u0131 ve izinsiz olarak kopyalanamaz, ba\u015fka yerde yay\u0131nlanamaz.<\/p>\n","protected":false},"excerpt":{"rendered":"<p>KANAL D ekran\u0131n\u0131n iki sevilen ismi, duygusal bir bulu\u015fman\u0131n ba\u015frol\u00fc oldu. \u2018Uzak \u015eehir\u2019in Sadakat\u2019i Gonca Cilasun ile \u2018G\u00fcller ve G\u00fcnahlar\u2019\u0131n Hayal\u2019i Beren&#8230;<\/p>\n","protected":false},"author":2,"featured_media":32026,"comment_status":"open","ping_status":"open","sticky":false,"template":"","format":"standard","meta":{"footnotes":""},"categories":[6,5],"tags":[],"class_list":["post-32027","post","type-post","status-publish","format-standard","has-post-thumbnail","hentry","category-gundem","category-son-dakika"],"_links":{"self":[{"href":"https:\/\/eskigazeteci.com\/index.php?rest_route=\/wp\/v2\/posts\/32027","targetHints":{"allow":["GET"]}}],"collection":[{"href":"https:\/\/eskigazeteci.com\/index.php?rest_route=\/wp\/v2\/posts"}],"about":[{"href":"https:\/\/eskigazeteci.com\/index.php?rest_route=\/wp\/v2\/types\/post"}],"author":[{"embeddable":true,"href":"https:\/\/eskigazeteci.com\/index.php?rest_route=\/wp\/v2\/users\/2"}],"replies":[{"embeddable":true,"href":"https:\/\/eskigazeteci.com\/index.php?rest_route=%2Fwp%2Fv2%2Fcomments&post=32027"}],"version-history":[{"count":0,"href":"https:\/\/eskigazeteci.com\/index.php?rest_route=\/wp\/v2\/posts\/32027\/revisions"}],"wp:featuredmedia":[{"embeddable":true,"href":"https:\/\/eskigazeteci.com\/index.php?rest_route=\/wp\/v2\/media\/32026"}],"wp:attachment":[{"href":"https:\/\/eskigazeteci.com\/index.php?rest_route=%2Fwp%2Fv2%2Fmedia&parent=32027"}],"wp:term":[{"taxonomy":"category","embeddable":true,"href":"https:\/\/eskigazeteci.com\/index.php?rest_route=%2Fwp%2Fv2%2Fcategories&post=32027"},{"taxonomy":"post_tag","embeddable":true,"href":"https:\/\/eskigazeteci.com\/index.php?rest_route=%2Fwp%2Fv2%2Ftags&post=32027"}],"curies":[{"name":"wp","href":"https:\/\/api.w.org\/{rel}","templated":true}]}}