{"id":32025,"date":"2026-05-03T05:29:16","date_gmt":"2026-05-03T05:29:16","guid":{"rendered":"https:\/\/eskigazeteci.com\/?p=32025"},"modified":"2026-05-03T05:29:16","modified_gmt":"2026-05-03T05:29:16","slug":"fenerbahcenin-basaksehir-galibiyetini-yazdi-guendouziden-iyi","status":"publish","type":"post","link":"https:\/\/eskigazeteci.com\/?p=32025","title":{"rendered":"Fenerbah\u00e7e&#8217;nin Ba\u015fak\u015fehir galibiyetini yazd\u0131: Guendouzi&#8217;den iyi!"},"content":{"rendered":"<p>S\u00fcper Lig&#x27;in 32. haftas\u0131nda Fenerbah\u00e7e , sahas\u0131nda Ba\u015fak\u015fehir&#x27;i konuk etti. Fenerbah\u00e7e, Chobani Stadyumu&#x27;ndaki ma\u00e7\u0131 3-1&#x27;lik skorla kazand\u0131.<\/p>\n<p>Fenerbah\u00e7e&#x27;ye galibiyeti getiren t\u00fcm golleri Anderson Talisca att\u0131. Talisca, 28, 57 ve 72. dakikalarda a\u011flar\u0131 havaland\u0131rd\u0131.<\/p>\n<p>Konuk ekip Ba\u015fak\u015fehir&#x27;in gol\u00fcn\u00fc 36. dakikada Amine Harit att\u0131.<\/p>\n<p>Fenerbah\u00e7e, bu sonucun ard\u0131ndan ligde 70 puana y\u00fckseldi. Ligde 5 hafta sonra kaybeden Ba\u015fak\u015fehir, 51 puanda kald\u0131.<\/p>\n<p>G\u00dcNTEK\u0130N ONAY YAZDI: FENERBAH\u00c7E EKS\u0130KLER\u0130 ARAMADI<\/p>\n<p>H\u00fcrriyet&#x27;in usta yazarlar\u0131ndan G\u00fcntekin Onay&#x27;\u0131n ma\u00e7 yaz\u0131s\u0131 \u015fu \u015fekilde oldu:<\/p>\n<p>Sar\u0131-lacivertli tak\u0131m daha ciddi ve istekliydi, kazanmay\u0131 fazlas\u0131yla hak etti.<\/p>\n<p>Fenerbah\u00e7e i\u00e7in ger\u00e7ekten de \u00e7ok zor bir ma\u00e7t\u0131. Ge\u00e7en hafta 3-0\u2019l\u0131k derbi ma\u011flubiyeti, adeta avu\u00e7lar\u0131n i\u00e7inden yitip giden koskoca bir sezon, teknik direkt\u00f6r ayr\u0131lm\u0131\u015f, moraller bozuk, trib\u00fcnler bo\u015f, eksikler var ve rakip g\u00fc\u00e7l\u00fc kadrosuyla formda Ba\u015fak\u015fehir. T\u00fcm yukardaki fakt\u00f6rleri Marco Asensio, Skriniar ve Guendouzi gibi eksikleri de \u00fcst\u00fcne koyunca Fenerbah\u00e7e\u2019nin bu \u015fartlarda kazanmas\u0131 hi\u00e7 de kolay de\u011fildi. Talisca derbide penalt\u0131y\u0131 ka\u00e7\u0131rd\u0131ktan sonra do\u011fal olarak \u00e7ok ele\u015ftirildi ancak Brezilyal\u0131 golc\u00fc belli ki kendini \u00e7ok iyi haz\u0131rlam\u0131\u015f&#8230;<\/p>\n","protected":false},"excerpt":{"rendered":"<p>Fenerbah\u00e7e, S\u00fcper Lig&#8217;in 32. haftas\u0131nda Ba\u015fak\u015fehir&#8217;i 3-1&#8217;lik skorla ma\u011flup etti. Sar\u0131 lacivertliler, m\u00fccadeleden 3 puanla ayr\u0131ld\u0131. Ma\u00e7 sonras\u0131 H\u00fcrriyet&#8217;in&#8230;<\/p>\n","protected":false},"author":2,"featured_media":32024,"comment_status":"open","ping_status":"open","sticky":false,"template":"","format":"standard","meta":{"footnotes":""},"categories":[5,7],"tags":[],"class_list":["post-32025","post","type-post","status-publish","format-standard","has-post-thumbnail","hentry","category-son-dakika","category-spor"],"_links":{"self":[{"href":"https:\/\/eskigazeteci.com\/index.php?rest_route=\/wp\/v2\/posts\/32025","targetHints":{"allow":["GET"]}}],"collection":[{"href":"https:\/\/eskigazeteci.com\/index.php?rest_route=\/wp\/v2\/posts"}],"about":[{"href":"https:\/\/eskigazeteci.com\/index.php?rest_route=\/wp\/v2\/types\/post"}],"author":[{"embeddable":true,"href":"https:\/\/eskigazeteci.com\/index.php?rest_route=\/wp\/v2\/users\/2"}],"replies":[{"embeddable":true,"href":"https:\/\/eskigazeteci.com\/index.php?rest_route=%2Fwp%2Fv2%2Fcomments&post=32025"}],"version-history":[{"count":0,"href":"https:\/\/eskigazeteci.com\/index.php?rest_route=\/wp\/v2\/posts\/32025\/revisions"}],"wp:featuredmedia":[{"embeddable":true,"href":"https:\/\/eskigazeteci.com\/index.php?rest_route=\/wp\/v2\/media\/32024"}],"wp:attachment":[{"href":"https:\/\/eskigazeteci.com\/index.php?rest_route=%2Fwp%2Fv2%2Fmedia&parent=32025"}],"wp:term":[{"taxonomy":"category","embeddable":true,"href":"https:\/\/eskigazeteci.com\/index.php?rest_route=%2Fwp%2Fv2%2Fcategories&post=32025"},{"taxonomy":"post_tag","embeddable":true,"href":"https:\/\/eskigazeteci.com\/index.php?rest_route=%2Fwp%2Fv2%2Ftags&post=32025"}],"curies":[{"name":"wp","href":"https:\/\/api.w.org\/{rel}","templated":true}]}}