{"id":32021,"date":"2026-05-03T05:19:15","date_gmt":"2026-05-03T05:19:15","guid":{"rendered":"https:\/\/eskigazeteci.com\/?p=32021"},"modified":"2026-05-03T05:19:15","modified_gmt":"2026-05-03T05:19:15","slug":"esref-ruyanin-kadiri-gorkem-sevindik-ulkenin-dansa-ihtiyaci-varmis","status":"publish","type":"post","link":"https:\/\/eskigazeteci.com\/?p=32021","title":{"rendered":"E\u015fref R\u00fcya&#8217;n\u0131n \u2018Kadir\u2019i G\u00f6rkem Sevindik: \u00dclkenin dansa ihtiyac\u0131 varm\u0131\u015f"},"content":{"rendered":"<p>\u25ca Ba\u015frol\u00fcnde yer ald\u0131\u011f\u0131n \u201cGe\u00e7mi\u015fin Kokusu\u201d 24 Nisan\u2019da vizyona girdi. Nas\u0131l bir karakteri canland\u0131rd\u0131n filmde?<\/p>\n<p>&#8211; Ben Salih karakterini oynuyorum. \u00dcsk\u00fcp\u2019te, 500 y\u0131ll\u0131k bir aile evinde ya\u015fayan bir karakter. Geleneklerine ve mahalle k\u00fclt\u00fcr\u00fcne s\u0131k\u0131 s\u0131k\u0131ya ba\u011fl\u0131. Yugoslavya\u2019n\u0131n da\u011f\u0131lma s\u00fcrecinde \u00e7\u0131kan kaosta \u00e7evredeki bireyselle\u015fmeye kar\u015f\u0131 bir m\u00fccadele i\u00e7erisine giriyor. Ayn\u0131 zamanda Salih\u2019in \u00e7ocukluk arkada\u015f\u0131 ve a\u015fk\u0131 Elena, y\u0131llar sonra \u015fehre bir STK temsilcisi olarak geliyor. Salih\u2019in duygular\u0131 alt \u00fcst oluyor. Ayn\u0131 zamanda hem a\u015fk\u0131yla hem de Elena\u2019n\u0131n arkas\u0131ndaki g\u00fc\u00e7lerle m\u00fccadele ediyor. Murat diye bir can yolda\u015f\u0131 var. Onunla beraber asl\u0131nda bir miras m\u00fccadelesi veriyor.<\/p>\n<p>\u25ca Bu bir d\u00f6nem filmi. Se\u00e7me \u015fans\u0131n olsayd\u0131, hangi d\u00f6nemde ya\u015famak isterdin?<\/p>\n<p>&#8211; Kesinlikle 80\u2019lerde, 90\u2019larda. Gala k\u0131yafetimi de ona g\u00f6re se\u00e7tim hatta. Ben o d\u00f6nemi \u00e7ok seviyorum. O d\u00f6nemde \u00f6rf adetin, k\u00fclt\u00fcr\u00fcn devam etti\u011fini, ahl\u00e2ki de\u011ferlerin daha iyi oldu\u011funu d\u00fc\u015f\u00fcn\u00fcyorum. O d\u00f6nemin m\u00fczikleri, o d\u00f6nemin arabas\u0131, k\u0131yafetleri&#8230; Bir\u00e7ok \u015feyi asl\u0131nda bana daha \u00e7ok hitap ediyor.<\/p>\n<p>\u00dcLKEN\u0130N DANS ETMEYE \u0130HT\u0130YACI VARMI\u015e<\/p>\n<p>\u25ca Gelelim \u201cE\u015fref R\u00fcya\u201dya&#8230; Bir dans ettin, ortal\u0131k y\u0131k\u0131ld\u0131. Bekliyor muydun b\u00f6yle bir etkiyi?<\/p>\n<p>&#8211; Hi\u00e7&#8230;<\/p>\n","protected":false},"excerpt":{"rendered":"<p>Kanal D\u2019nin \u201cE\u015fref R\u00fcya\u201d dizisinde canland\u0131rd\u0131\u011f\u0131 \u2018Kadir\u2019 rol\u00fcyle geni\u015f bir hayran kitlesi edinen G\u00f6rkem Sevindik, 24 Nisan\u2019da vizyona giren \u201cGe\u00e7mi\u015fin Kokusu\u201d&#8230;<\/p>\n","protected":false},"author":2,"featured_media":32020,"comment_status":"open","ping_status":"open","sticky":false,"template":"","format":"standard","meta":{"footnotes":""},"categories":[6,5],"tags":[],"class_list":["post-32021","post","type-post","status-publish","format-standard","has-post-thumbnail","hentry","category-gundem","category-son-dakika"],"_links":{"self":[{"href":"https:\/\/eskigazeteci.com\/index.php?rest_route=\/wp\/v2\/posts\/32021","targetHints":{"allow":["GET"]}}],"collection":[{"href":"https:\/\/eskigazeteci.com\/index.php?rest_route=\/wp\/v2\/posts"}],"about":[{"href":"https:\/\/eskigazeteci.com\/index.php?rest_route=\/wp\/v2\/types\/post"}],"author":[{"embeddable":true,"href":"https:\/\/eskigazeteci.com\/index.php?rest_route=\/wp\/v2\/users\/2"}],"replies":[{"embeddable":true,"href":"https:\/\/eskigazeteci.com\/index.php?rest_route=%2Fwp%2Fv2%2Fcomments&post=32021"}],"version-history":[{"count":0,"href":"https:\/\/eskigazeteci.com\/index.php?rest_route=\/wp\/v2\/posts\/32021\/revisions"}],"wp:featuredmedia":[{"embeddable":true,"href":"https:\/\/eskigazeteci.com\/index.php?rest_route=\/wp\/v2\/media\/32020"}],"wp:attachment":[{"href":"https:\/\/eskigazeteci.com\/index.php?rest_route=%2Fwp%2Fv2%2Fmedia&parent=32021"}],"wp:term":[{"taxonomy":"category","embeddable":true,"href":"https:\/\/eskigazeteci.com\/index.php?rest_route=%2Fwp%2Fv2%2Fcategories&post=32021"},{"taxonomy":"post_tag","embeddable":true,"href":"https:\/\/eskigazeteci.com\/index.php?rest_route=%2Fwp%2Fv2%2Ftags&post=32021"}],"curies":[{"name":"wp","href":"https:\/\/api.w.org\/{rel}","templated":true}]}}