{"id":31997,"date":"2026-05-03T04:34:19","date_gmt":"2026-05-03T04:34:19","guid":{"rendered":"https:\/\/eskigazeteci.com\/?p=31997"},"modified":"2026-05-03T04:34:19","modified_gmt":"2026-05-03T04:34:19","slug":"magyar-kayinbiraderi-adalet-bakanini-yasakladi","status":"publish","type":"post","link":"https:\/\/eskigazeteci.com\/?p=31997","title":{"rendered":"Magyar Kay\u0131nbiraderi Adalet Bakan\u0131n\u0131 Yasaklad\u0131"},"content":{"rendered":"<p>Magyar lider, Macarlar\u0131n adalet bakan\u0131n\u0131n yurt i\u00e7i ve uluslararas\u0131 kariyeri, y\u00fcksek nitelikli \u00e7al\u0131\u015fmalar\u0131 ve vizyonu tart\u0131\u015fmas\u0131z oldu\u011funu s\u00f6yledi. Magyar, aile ili\u015fkilerine y\u00f6nelik endi\u015felerini &#x27;anla\u015f\u0131labilir&#x27; olarak kabul etti ve k\u0131z karde\u015fiyle hayat\u0131n\u0131 birle\u015ftirdi\u011fi zamanlar, kararlar\u0131n\u0131 m\u00fcmk\u00fcn olan en \u015feffaf \u015fekilde y\u00fcr\u00fct\u00fclmesi ve t\u00fcm kararlar\u0131n\u0131n a\u00e7\u0131k olmas\u0131n\u0131 \u00f6zellikle \u00f6nemsiyordu. Magyar 9 May\u0131s&#x27;ta g\u00f6reve ba\u015flamas\u0131 bekleniyor.<\/p>\n","protected":false},"excerpt":{"rendered":"<p>Magyar liderin se\u00e7im kampanyas\u0131n\u0131n &#8216;Macar siyasetini temizleme&#8217; ve &#8216;Orban&#8217;un 16 y\u0131ll\u0131k iktidar\u0131 boyunca zay\u0131flayan sistemi yeniden tesis etmek i\u00e7in kullan\u0131\u015f\u0131 yapmakla ilgili a\u00e7\u0131klamalar\u0131n\u0131 yapt\u0131<\/p>\n","protected":false},"author":2,"featured_media":31996,"comment_status":"open","ping_status":"open","sticky":false,"template":"","format":"standard","meta":{"footnotes":""},"categories":[6,5],"tags":[],"class_list":["post-31997","post","type-post","status-publish","format-standard","has-post-thumbnail","hentry","category-gundem","category-son-dakika"],"_links":{"self":[{"href":"https:\/\/eskigazeteci.com\/index.php?rest_route=\/wp\/v2\/posts\/31997","targetHints":{"allow":["GET"]}}],"collection":[{"href":"https:\/\/eskigazeteci.com\/index.php?rest_route=\/wp\/v2\/posts"}],"about":[{"href":"https:\/\/eskigazeteci.com\/index.php?rest_route=\/wp\/v2\/types\/post"}],"author":[{"embeddable":true,"href":"https:\/\/eskigazeteci.com\/index.php?rest_route=\/wp\/v2\/users\/2"}],"replies":[{"embeddable":true,"href":"https:\/\/eskigazeteci.com\/index.php?rest_route=%2Fwp%2Fv2%2Fcomments&post=31997"}],"version-history":[{"count":0,"href":"https:\/\/eskigazeteci.com\/index.php?rest_route=\/wp\/v2\/posts\/31997\/revisions"}],"wp:featuredmedia":[{"embeddable":true,"href":"https:\/\/eskigazeteci.com\/index.php?rest_route=\/wp\/v2\/media\/31996"}],"wp:attachment":[{"href":"https:\/\/eskigazeteci.com\/index.php?rest_route=%2Fwp%2Fv2%2Fmedia&parent=31997"}],"wp:term":[{"taxonomy":"category","embeddable":true,"href":"https:\/\/eskigazeteci.com\/index.php?rest_route=%2Fwp%2Fv2%2Fcategories&post=31997"},{"taxonomy":"post_tag","embeddable":true,"href":"https:\/\/eskigazeteci.com\/index.php?rest_route=%2Fwp%2Fv2%2Ftags&post=31997"}],"curies":[{"name":"wp","href":"https:\/\/api.w.org\/{rel}","templated":true}]}}