{"id":31985,"date":"2026-05-03T04:25:33","date_gmt":"2026-05-03T04:25:33","guid":{"rendered":"https:\/\/eskigazeteci.com\/?p=31985"},"modified":"2026-05-03T04:25:33","modified_gmt":"2026-05-03T04:25:33","slug":"ousseynou-ba-6-saniyede-sari-kart-goren","status":"publish","type":"post","link":"https:\/\/eskigazeteci.com\/?p=31985","title":{"rendered":"Ousseynou Ba, 6 Saniyede Sar\u0131 Kart G\u00f6ren"},"content":{"rendered":"<p>Ba, ikinci yar\u0131n\u0131n ba\u015flama d\u00fcd\u00fc\u011f\u00fcnden sadece 6 saniye sonra, defans\u0131n arkas\u0131na sarkan Fenerbah\u00e7eli Fred&#x27;e yapt\u0131\u011f\u0131 hareket nedeniyle sar\u0131 kart g\u00f6rd\u00fc.<\/p>\n","protected":false},"excerpt":{"rendered":"<p>Ba, Fenerbah\u00e7eli Fred&#8217;e Hareketli<\/p>\n","protected":false},"author":2,"featured_media":31984,"comment_status":"open","ping_status":"open","sticky":false,"template":"","format":"standard","meta":{"footnotes":""},"categories":[5,7],"tags":[],"class_list":["post-31985","post","type-post","status-publish","format-standard","has-post-thumbnail","hentry","category-son-dakika","category-spor"],"_links":{"self":[{"href":"https:\/\/eskigazeteci.com\/index.php?rest_route=\/wp\/v2\/posts\/31985","targetHints":{"allow":["GET"]}}],"collection":[{"href":"https:\/\/eskigazeteci.com\/index.php?rest_route=\/wp\/v2\/posts"}],"about":[{"href":"https:\/\/eskigazeteci.com\/index.php?rest_route=\/wp\/v2\/types\/post"}],"author":[{"embeddable":true,"href":"https:\/\/eskigazeteci.com\/index.php?rest_route=\/wp\/v2\/users\/2"}],"replies":[{"embeddable":true,"href":"https:\/\/eskigazeteci.com\/index.php?rest_route=%2Fwp%2Fv2%2Fcomments&post=31985"}],"version-history":[{"count":0,"href":"https:\/\/eskigazeteci.com\/index.php?rest_route=\/wp\/v2\/posts\/31985\/revisions"}],"wp:featuredmedia":[{"embeddable":true,"href":"https:\/\/eskigazeteci.com\/index.php?rest_route=\/wp\/v2\/media\/31984"}],"wp:attachment":[{"href":"https:\/\/eskigazeteci.com\/index.php?rest_route=%2Fwp%2Fv2%2Fmedia&parent=31985"}],"wp:term":[{"taxonomy":"category","embeddable":true,"href":"https:\/\/eskigazeteci.com\/index.php?rest_route=%2Fwp%2Fv2%2Fcategories&post=31985"},{"taxonomy":"post_tag","embeddable":true,"href":"https:\/\/eskigazeteci.com\/index.php?rest_route=%2Fwp%2Fv2%2Ftags&post=31985"}],"curies":[{"name":"wp","href":"https:\/\/api.w.org\/{rel}","templated":true}]}}