{"id":31979,"date":"2026-05-03T04:21:53","date_gmt":"2026-05-03T04:21:53","guid":{"rendered":"https:\/\/eskigazeteci.com\/?p=31979"},"modified":"2026-05-03T04:21:53","modified_gmt":"2026-05-03T04:21:53","slug":"bedeni-onun-oyun-sahasi","status":"publish","type":"post","link":"https:\/\/eskigazeteci.com\/?p=31979","title":{"rendered":"Bedeni, onun oyun sahas\u0131"},"content":{"rendered":"<p>Performans, heykel , foto\u011fraf ve video gibi farkl\u0131 disiplinlerdeki \u00fcretimleriyle tan\u0131nan Mehtap Baydu\u2019nun T\u00fcrkiye\u2019deki ilk kurumsal solo sergisi \u2018Seni Sevmek \u00c7ok Zor!\u2019 Arter\u2019de ziyarete a\u00e7\u0131ld\u0131. Sergi alan\u0131na girer girmez Nobel \u00f6d\u00fcll\u00fc yazar Han Kang\u2019\u0131n \u2018Sevgilinin So\u011fuk Elleri\u2019 roman\u0131n\u0131n zihnimize kaz\u0131d\u0131\u011f\u0131 \u015fu soru geliyor akl\u0131m\u0131za: \u201cBizi insan yapan \u015fey etten kemikten bedenimiz mi yoksa geride b\u0131rakt\u0131\u011f\u0131m\u0131z bo\u015fluk mu?\u201d<\/p>\n<p>Bedenini bir deney ve oyun sahas\u0131na d\u00f6n\u00fc\u015ft\u00fcren sanat\u00e7\u0131, sergisinde \u00e7o\u011faltma, par\u00e7alama, iz b\u0131rakma ve \u00fcst \u00fcste getirme yoluyla in\u015fa etti\u011fi kapsay\u0131c\u0131 ve kolektif bir bedeni hayata ge\u00e7iriyor. \u2018Wirbels\u00e4ule\u2019 (Omurga S\u00fctunu), sanat\u00e7\u0131n\u0131n kendi bedeninden ald\u0131\u011f\u0131 kal\u0131plar\u0131 birbirine eklemleyerek ve i\u00e7 i\u00e7e ge\u00e7irerek olu\u015fturdu\u011fu 4 metre y\u00fcksekli\u011finde bir s\u00fctundan olu\u015fuyor. Eser bir araya gelme ve par\u00e7alanma gibi kar\u015f\u0131t g\u00f6r\u00fcnen g\u00fc\u00e7leri birlikte ele al\u0131yor.<\/p>\n<p>Sanat\u00e7\u0131n\u0131n \u2018Ben ve Her \u015eey Aras\u0131ndaki Mesafe\u2019 adl\u0131 eseriyse s\u00fcr\u00fcngenlerin ve b\u00f6ceklerin b\u00fcy\u00fcme evrelerinde geride b\u0131rakt\u0131klar\u0131 d\u0131\u015f zar\u0131 hat\u0131rlat\u0131yor. Sanat\u00e7\u0131n\u0131n t\u00fcm bedeninden al\u0131nan kal\u0131b\u0131, sergi alan\u0131nda s\u00fcz\u00fclen bir sil\u00fcet olarak kar\u015f\u0131m\u0131za \u00e7\u0131k\u0131yor.<\/p>\n<p>\u2018Otoportre: Birdirbir\u2019 serisini olu\u015fturan heykellerse mesafe,&#8230;<\/p>\n","protected":false},"excerpt":{"rendered":"<p>Almanya\u2019da ya\u015fayan \u00e7a\u011fda\u015f sanat\u00e7\u0131 Mehtap Baydu, T\u00fcrkiye\u2019deki ilk kurumsal solo sergisi \u2018Seni Sevmek \u00c7ok Zor!\u2019da bedeninin kafa, kol, bacak, g\u00f6\u011f\u00fcs, s\u0131rt ve&#8230;<\/p>\n","protected":false},"author":2,"featured_media":31978,"comment_status":"open","ping_status":"open","sticky":false,"template":"","format":"standard","meta":{"footnotes":""},"categories":[6,5],"tags":[],"class_list":["post-31979","post","type-post","status-publish","format-standard","has-post-thumbnail","hentry","category-gundem","category-son-dakika"],"_links":{"self":[{"href":"https:\/\/eskigazeteci.com\/index.php?rest_route=\/wp\/v2\/posts\/31979","targetHints":{"allow":["GET"]}}],"collection":[{"href":"https:\/\/eskigazeteci.com\/index.php?rest_route=\/wp\/v2\/posts"}],"about":[{"href":"https:\/\/eskigazeteci.com\/index.php?rest_route=\/wp\/v2\/types\/post"}],"author":[{"embeddable":true,"href":"https:\/\/eskigazeteci.com\/index.php?rest_route=\/wp\/v2\/users\/2"}],"replies":[{"embeddable":true,"href":"https:\/\/eskigazeteci.com\/index.php?rest_route=%2Fwp%2Fv2%2Fcomments&post=31979"}],"version-history":[{"count":0,"href":"https:\/\/eskigazeteci.com\/index.php?rest_route=\/wp\/v2\/posts\/31979\/revisions"}],"wp:featuredmedia":[{"embeddable":true,"href":"https:\/\/eskigazeteci.com\/index.php?rest_route=\/wp\/v2\/media\/31978"}],"wp:attachment":[{"href":"https:\/\/eskigazeteci.com\/index.php?rest_route=%2Fwp%2Fv2%2Fmedia&parent=31979"}],"wp:term":[{"taxonomy":"category","embeddable":true,"href":"https:\/\/eskigazeteci.com\/index.php?rest_route=%2Fwp%2Fv2%2Fcategories&post=31979"},{"taxonomy":"post_tag","embeddable":true,"href":"https:\/\/eskigazeteci.com\/index.php?rest_route=%2Fwp%2Fv2%2Ftags&post=31979"}],"curies":[{"name":"wp","href":"https:\/\/api.w.org\/{rel}","templated":true}]}}