{"id":31977,"date":"2026-05-03T04:20:22","date_gmt":"2026-05-03T04:20:22","guid":{"rendered":"https:\/\/eskigazeteci.com\/?p=31977"},"modified":"2026-05-03T04:20:22","modified_gmt":"2026-05-03T04:20:22","slug":"5-mayis-dunya-astim-gunu-nefes-kesici-gunler","status":"publish","type":"post","link":"https:\/\/eskigazeteci.com\/?p=31977","title":{"rendered":"5 May\u0131s D\u00fcnya Ast\u0131m G\u00fcn\u00fc: \u2018Nefes kesici\u2019 g\u00fcnler"},"content":{"rendered":"<p>G\u00fcne\u015fin y\u00fcz\u00fcn\u00fc g\u00f6stermesi ne\u015femizi yerine getiriyor ama bug\u00fcnlerde havada u\u00e7u\u015ftu\u011funu g\u00f6rd\u00fc\u011f\u00fcm\u00fcz polenler ast\u0131m hastalar\u0131n\u0131n sorunlar ya\u015famas\u0131na neden oluyor.<\/p>\n<p>Memorial G\u00f6ztepe Hastanesi g\u00f6\u011f\u00fcs hastal\u0131klar\u0131 uzman\u0131 Prof. Dr. Dildar Duman ve Ac\u0131badem Altunizade Hastanesi g\u00f6\u011f\u00fcs hastal\u0131klar\u0131 uzman\u0131 Prof. Dr. Hacer Kuzu Okur\u2019la ast\u0131m\u0131n neden g\u00f6r\u00fcld\u00fc\u011f\u00fcn\u00fc, bilimsel \u00e7al\u0131\u015fmalar\u0131n son d\u00f6nemde nelere odakland\u0131\u011f\u0131n\u0131 konu\u015ftuk.<\/p>\n<p>NASIL B\u0130R HASTALIK?<\/p>\n<p>H\u0131r\u0131lt\u0131l\u0131 solunum&#8230;<\/p>\n<p>\u25caTekrarlayan ataklarla kendini g\u00f6sterir. Ba\u011f\u0131\u015f\u0131kl\u0131k sistemi zarars\u0131z uyaranlara kar\u015f\u0131 a\u015f\u0131r\u0131 tepki vererek hava yollar\u0131nda iltihap olu\u015fturur. Bu durum bron\u015flar\u0131 hassasla\u015ft\u0131r\u0131r, daralmaya yol a\u00e7ar. Hastalar nefes darl\u0131\u011f\u0131, h\u0131r\u0131lt\u0131l\u0131 solunum, g\u00f6\u011f\u00fcste s\u0131k\u0131\u015fma, gece ya da sabaha kar\u015f\u0131 artan \u00f6ks\u00fcr\u00fck \u015fik\u00e2yetleri ya\u015far. (Prof. Dr. Dildar Duman)<\/p>\n<p>\u25ca Polen , ev tozu, polen benzeri alerjenler alerjik ast\u0131ma sebep olabilir.Viral enfeksiyonlar, sigara duman\u0131, hava kirlili\u011fi alerjik olmayan ast\u0131m\u0131 tetikleyebilir. (Prof. Dr. Hacer Kuzu Okur)<\/p>\n<p>SON GEL\u0130\u015eMELER NELER?<\/p>\n<p>\u2018Her hastaya ayr\u0131 tedavi\u2019<\/p>\n<p>\u25ca \u00d6n\u00fcm\u00fczdeki d\u00f6nemde beslenme d\u00fczeni, probiyotikler ve mikrobiyota odakl\u0131 yakla\u015f\u0131mlar ast\u0131m tedavisini destekleyebilir.<\/p>\n<p>\u25caBa\u011f\u0131rsak bakterilerinin \u00fcretti\u011fi&#8230;<\/p>\n","protected":false},"excerpt":{"rendered":"<p>Bahar aylar\u0131nda do\u011fan\u0131n uyan\u0131\u015f\u0131yla etraf\u0131 polenler sar\u0131yor. \u00c7i\u00e7ekler \u00e7ok g\u00fczel g\u00f6r\u00fcn\u00fcyor belki ama ast\u0131m hastalar\u0131 i\u00e7in zor anlar ba\u015fl\u0131yor. H\u0131r\u0131lt\u0131l\u0131&#8230;<\/p>\n","protected":false},"author":2,"featured_media":31976,"comment_status":"open","ping_status":"open","sticky":false,"template":"","format":"standard","meta":{"footnotes":""},"categories":[6,5],"tags":[],"class_list":["post-31977","post","type-post","status-publish","format-standard","has-post-thumbnail","hentry","category-gundem","category-son-dakika"],"_links":{"self":[{"href":"https:\/\/eskigazeteci.com\/index.php?rest_route=\/wp\/v2\/posts\/31977","targetHints":{"allow":["GET"]}}],"collection":[{"href":"https:\/\/eskigazeteci.com\/index.php?rest_route=\/wp\/v2\/posts"}],"about":[{"href":"https:\/\/eskigazeteci.com\/index.php?rest_route=\/wp\/v2\/types\/post"}],"author":[{"embeddable":true,"href":"https:\/\/eskigazeteci.com\/index.php?rest_route=\/wp\/v2\/users\/2"}],"replies":[{"embeddable":true,"href":"https:\/\/eskigazeteci.com\/index.php?rest_route=%2Fwp%2Fv2%2Fcomments&post=31977"}],"version-history":[{"count":0,"href":"https:\/\/eskigazeteci.com\/index.php?rest_route=\/wp\/v2\/posts\/31977\/revisions"}],"wp:featuredmedia":[{"embeddable":true,"href":"https:\/\/eskigazeteci.com\/index.php?rest_route=\/wp\/v2\/media\/31976"}],"wp:attachment":[{"href":"https:\/\/eskigazeteci.com\/index.php?rest_route=%2Fwp%2Fv2%2Fmedia&parent=31977"}],"wp:term":[{"taxonomy":"category","embeddable":true,"href":"https:\/\/eskigazeteci.com\/index.php?rest_route=%2Fwp%2Fv2%2Fcategories&post=31977"},{"taxonomy":"post_tag","embeddable":true,"href":"https:\/\/eskigazeteci.com\/index.php?rest_route=%2Fwp%2Fv2%2Ftags&post=31977"}],"curies":[{"name":"wp","href":"https:\/\/api.w.org\/{rel}","templated":true}]}}