{"id":31975,"date":"2026-05-03T04:18:51","date_gmt":"2026-05-03T04:18:51","guid":{"rendered":"https:\/\/eskigazeteci.com\/?p=31975"},"modified":"2026-05-03T04:18:51","modified_gmt":"2026-05-03T04:18:51","slug":"basariyi-korumak-kazanmaktan-daha-zor","status":"publish","type":"post","link":"https:\/\/eskigazeteci.com\/?p=31975","title":{"rendered":"\u2018Ba\u015far\u0131y\u0131 korumak, kazanmaktan daha zor\u2019"},"content":{"rendered":"<p>Arnavutluk\u2019un ba\u015fkenti Tiran\u2019da d\u00fczenlenen 2026 Avrupa G\u00fcre\u015f \u015eampiyonas\u0131 \u2019nda mindere \u00e7\u0131kan milli g\u00fcre\u015f\u00e7ilerimiz 2 alt\u0131n, 3 g\u00fcm\u00fc\u015f ve 6 bronz olmak \u00fczere toplam 11 madalya toplad\u0131. Grekoromen stil 130 kilo finalinde Macar rakibi Darius Attila Vitek\u2019i 7-1 ma\u011flup eden R\u0131za Kayaalp \u2019se 13\u2019\u00fcnc\u00fc kez \u015fampiyon olarak Aleksandr Karelin\u2019e ait rekoru geride b\u0131rakt\u0131. Be\u015f kez d\u00fcnya \u015fampiyonu olan ve \u00fc\u00e7 kez olimpiyat madalyas\u0131 kazanan (1 g\u00fcm\u00fc\u015f, 2 bronz) R\u0131za Kayaalp\u2019le turnuva sonras\u0131 T\u00fcrkiye\u2019ye d\u00f6nd\u00fckten sonra Ankara-Konya yolundayken telefonda g\u00f6r\u00fc\u015ft\u00fck; \u015fampiyonay\u0131, ba\u015far\u0131s\u0131n\u0131 ve bundan sonras\u0131 i\u00e7in planlar\u0131n\u0131 sorduk.<\/p>\n<p>\u25ca \u00d6ncelikle tebrikler. 12 kez Avrupa \u015fampiyonu olma ba\u015far\u0131s\u0131n\u0131 Aleksandr Karelin\u2019le payla\u015f\u0131yordunuz ve \u015fimdi 13\u2019\u00fcnc\u00fc kez \u015fampiyon olarak rekorun tek sahibisiniz&#8230;<\/p>\n<p>Te\u015fekk\u00fcr ederim. Bu ba\u015far\u0131 benim i\u00e7in \u00e7ok \u015fey ifade ediyor. \u2018K\u0131r\u0131lamaz\u2019 denilen bir rekoru k\u0131rmak ve bunu \u00fclkeme kazand\u0131rmaktan dolay\u0131 \u00e7ok mutluyum. \u00dclkem ad\u0131na da \u00e7ok \u00f6nemli oldu\u011funu d\u00fc\u015f\u00fcn\u00fcyorum. Bu ba\u015far\u0131y\u0131 elde etmek \u00e7ok zor. Hatta zorun da zoru diyebilirim. Ama y\u0131llar\u0131n eme\u011fi, \u00e7al\u0131\u015fmas\u0131 ve azmiyle geldi.<\/p>\n<p>\u25ca \u015eampiyonan\u0131n sizin i\u00e7in en unutulmaz an\u0131 neydi?<\/p>\n<p>T\u00fcrkiye G\u00fcre\u015f Federasyonu Ba\u015fkan\u0131 Taha Akg\u00fcl\u2019le y\u0131llarca&#8230;<\/p>\n","protected":false},"excerpt":{"rendered":"<p>2026 Avrupa G\u00fcre\u015f \u015eampiyonas\u0131\u2019nda 13\u2019\u00fcnc\u00fc kez \u015fampiyon olarak rekor k\u0131r\u0131p ad\u0131n\u0131 g\u00fcre\u015f tarihine yazd\u0131ran R\u0131za Kayaalp\u2019le kariyerindeki ba\u015far\u0131lar\u0131, zorluklar\u0131,&#8230;<\/p>\n","protected":false},"author":2,"featured_media":31974,"comment_status":"open","ping_status":"open","sticky":false,"template":"","format":"standard","meta":{"footnotes":""},"categories":[6,5],"tags":[],"class_list":["post-31975","post","type-post","status-publish","format-standard","has-post-thumbnail","hentry","category-gundem","category-son-dakika"],"_links":{"self":[{"href":"https:\/\/eskigazeteci.com\/index.php?rest_route=\/wp\/v2\/posts\/31975","targetHints":{"allow":["GET"]}}],"collection":[{"href":"https:\/\/eskigazeteci.com\/index.php?rest_route=\/wp\/v2\/posts"}],"about":[{"href":"https:\/\/eskigazeteci.com\/index.php?rest_route=\/wp\/v2\/types\/post"}],"author":[{"embeddable":true,"href":"https:\/\/eskigazeteci.com\/index.php?rest_route=\/wp\/v2\/users\/2"}],"replies":[{"embeddable":true,"href":"https:\/\/eskigazeteci.com\/index.php?rest_route=%2Fwp%2Fv2%2Fcomments&post=31975"}],"version-history":[{"count":0,"href":"https:\/\/eskigazeteci.com\/index.php?rest_route=\/wp\/v2\/posts\/31975\/revisions"}],"wp:featuredmedia":[{"embeddable":true,"href":"https:\/\/eskigazeteci.com\/index.php?rest_route=\/wp\/v2\/media\/31974"}],"wp:attachment":[{"href":"https:\/\/eskigazeteci.com\/index.php?rest_route=%2Fwp%2Fv2%2Fmedia&parent=31975"}],"wp:term":[{"taxonomy":"category","embeddable":true,"href":"https:\/\/eskigazeteci.com\/index.php?rest_route=%2Fwp%2Fv2%2Fcategories&post=31975"},{"taxonomy":"post_tag","embeddable":true,"href":"https:\/\/eskigazeteci.com\/index.php?rest_route=%2Fwp%2Fv2%2Ftags&post=31975"}],"curies":[{"name":"wp","href":"https:\/\/api.w.org\/{rel}","templated":true}]}}