{"id":31973,"date":"2026-05-03T04:17:20","date_gmt":"2026-05-03T04:17:20","guid":{"rendered":"https:\/\/eskigazeteci.com\/?p=31973"},"modified":"2026-05-03T04:17:20","modified_gmt":"2026-05-03T04:17:20","slug":"bu-album-sadece-benim-babamla-olan-hikayemmis-gibi-okunmamali","status":"publish","type":"post","link":"https:\/\/eskigazeteci.com\/?p=31973","title":{"rendered":"\u2018Bu alb\u00fcm sadece benim babamla olan hik\u00e2yemmi\u015f gibi okunmamal\u0131\u2019"},"content":{"rendered":"<p>Ceylan Ertem \u2018Babam\u0131n \u0130stek \u015eark\u0131lar\u0131\u2019 ad\u0131n\u0131 verdi\u011fi yeni alb\u00fcm\u00fcnde kamyon \u015fof\u00f6r\u00fc olan babas\u0131 Talat Ertem\u2019in sevdi\u011fi \u015fark\u0131lar\u0131 kendi filtresinden ge\u00e7irerek yorumluyor. \u2018Bir G\u00fcl\u00fc Sevdim\u2019, \u2018Yedin Beni\u2019, \u2018Ayaz Geceler\u2019, \u2018Kimbilir\u2019 ve \u2018Dokunmay\u0131n Bana\u2019&#8230; Bir kamyonun radyosunda, kaset\u00e7alar\u0131nda gecenin bir vakti ya da sabah\u0131n k\u00f6r karanl\u0131\u011f\u0131nda dinlenen \u015fark\u0131lar bunlar. Sab\u0131rla, emekle, fedak\u00e2rl\u0131kla yo\u011frulmu\u015f bir hayat\u0131n tan\u0131klar\u0131&#8230;<\/p>\n<p>\u00dc\u00e7 y\u0131ld\u0131r Urla\u2019da ya\u015fayan Ertem\u2019le internet \u00fczerinden g\u00f6r\u00fcnt\u00fcl\u00fc olarak bulu\u015ftuk.<\/p>\n<p>\u25ca Yeni alb\u00fcm\u00fcn ad\u0131 \u2018Babam\u0131n \u0130stek \u015eark\u0131lar\u0131\u2019. Baba meselesi hassas bir konu, \u00f6zellikle de k\u0131z \u00e7ocuklar\u0131 i\u00e7in, de\u011fil mi?<\/p>\n<p>Evet, alb\u00fcmle ilgili payla\u015f\u0131mlar yapt\u0131\u011f\u0131mda \u015funu g\u00f6rd\u00fcm; kimi kaybetti\u011fi babas\u0131n\u0131 an\u0131yor, kimi h\u00e2l\u00e2 yan\u0131nda olan babas\u0131n\u0131&#8230; Ac\u0131kl\u0131 baba-k\u0131z hik\u00e2yeleri de duyuyoruz. \u201cBenim babam hi\u00e7 yan\u0131mda olmad\u0131\u201d diyen de var, \u201cBenim babam annemdi\u201d diyen de&#8230; \u0130\u015f\u00e7i, emek\u00e7i \u00e7ocuklar\u0131 var tabii&#8230; Madenci de olabilir baban\u0131z, uzun yol \u015fof\u00f6r\u00fc de&#8230; Tabii o zaman da baban\u0131za hasret b\u00fcy\u00fcyorsunuz birazc\u0131k. Ama onun sizin hayalleriniz i\u00e7in \u00e7al\u0131\u015ft\u0131\u011f\u0131n\u0131 bildi\u011finizden, y\u0131llar da ge\u00e7se, uzun an\u0131lar\u0131n\u0131z olmasa da birlikte, i\u00e7inizde onun minnetini ta\u015f\u0131yorsunuz. Yani dertle\u015fme&#8230;<\/p>\n","protected":false},"excerpt":{"rendered":"<p>Ceylan Ertem kamyon \u015fof\u00f6r\u00fc olan babas\u0131n\u0131n y\u0131llard\u0131r kendisinden dinlemek istedi\u011fi \u015fark\u0131lar\u0131 \u2018Babam\u0131n \u0130stek \u015eark\u0131lar\u0131\u2019 alb\u00fcm\u00fcnde yorumlad\u0131. Ertem \u201cAlb\u00fcmle&#8230;<\/p>\n","protected":false},"author":2,"featured_media":31972,"comment_status":"open","ping_status":"open","sticky":false,"template":"","format":"standard","meta":{"footnotes":""},"categories":[6,5],"tags":[],"class_list":["post-31973","post","type-post","status-publish","format-standard","has-post-thumbnail","hentry","category-gundem","category-son-dakika"],"_links":{"self":[{"href":"https:\/\/eskigazeteci.com\/index.php?rest_route=\/wp\/v2\/posts\/31973","targetHints":{"allow":["GET"]}}],"collection":[{"href":"https:\/\/eskigazeteci.com\/index.php?rest_route=\/wp\/v2\/posts"}],"about":[{"href":"https:\/\/eskigazeteci.com\/index.php?rest_route=\/wp\/v2\/types\/post"}],"author":[{"embeddable":true,"href":"https:\/\/eskigazeteci.com\/index.php?rest_route=\/wp\/v2\/users\/2"}],"replies":[{"embeddable":true,"href":"https:\/\/eskigazeteci.com\/index.php?rest_route=%2Fwp%2Fv2%2Fcomments&post=31973"}],"version-history":[{"count":0,"href":"https:\/\/eskigazeteci.com\/index.php?rest_route=\/wp\/v2\/posts\/31973\/revisions"}],"wp:featuredmedia":[{"embeddable":true,"href":"https:\/\/eskigazeteci.com\/index.php?rest_route=\/wp\/v2\/media\/31972"}],"wp:attachment":[{"href":"https:\/\/eskigazeteci.com\/index.php?rest_route=%2Fwp%2Fv2%2Fmedia&parent=31973"}],"wp:term":[{"taxonomy":"category","embeddable":true,"href":"https:\/\/eskigazeteci.com\/index.php?rest_route=%2Fwp%2Fv2%2Fcategories&post=31973"},{"taxonomy":"post_tag","embeddable":true,"href":"https:\/\/eskigazeteci.com\/index.php?rest_route=%2Fwp%2Fv2%2Ftags&post=31973"}],"curies":[{"name":"wp","href":"https:\/\/api.w.org\/{rel}","templated":true}]}}