{"id":31759,"date":"2026-05-02T11:08:47","date_gmt":"2026-05-02T11:08:47","guid":{"rendered":"https:\/\/eskigazeteci.com\/?p=31759"},"modified":"2026-05-02T11:08:47","modified_gmt":"2026-05-02T11:08:47","slug":"bolgenin-en-buyuk-ikincisi-mavi-rengine-burunmeye-basladi","status":"publish","type":"post","link":"https:\/\/eskigazeteci.com\/?p=31759","title":{"rendered":"B\u00f6lgenin en b\u00fcy\u00fck ikincisi: Mavi rengine b\u00fcr\u00fcnmeye ba\u015flad\u0131"},"content":{"rendered":"<p>Deniz seviyesinden 1959 metre y\u00fckseklikteki ve Van G\u00f6l\u00fc&#x27;nden sonra b\u00f6lgenin en b\u00fcy\u00fck 2&#x27;nci g\u00f6l\u00fc olan 123 kilometrekare alana sahip \u00c7\u0131ld\u0131r G\u00f6l\u00fc&#x27;nde donma, \u00f6nceki y\u0131llara g\u00f6re 15-20 g\u00fcn ge\u00e7 ba\u015flad\u0131.<\/p>\n<p>Aral\u0131k sonu itibar\u0131yla so\u011fuk havan\u0131n etkisini art\u0131rmas\u0131yla birlikte y\u00fczeyi yer yer yar\u0131m metreye ula\u015fan kar kal\u0131nl\u0131\u011f\u0131yla kaplanan \u00c7\u0131ld\u0131r G\u00f6l\u00fc , ocak, \u015fubat, mart ve nisan ay\u0131n\u0131n ortalar\u0131na kadar \u00e7ok say\u0131da yerli ve yabanc\u0131 misafirini a\u011f\u0131rlad\u0131. Atl\u0131 k\u0131zak safarilerinin yan\u0131 s\u0131ra \u00e7e\u015fitli etkinliklere de mekan olan \u00c7\u0131ld\u0131r G\u00f6l\u00fc&#x27;nde, havan\u0131n \u0131s\u0131nmas\u0131yla, nisan\u0131n ay\u0131n\u0131n ikinci haftas\u0131yla birlikte buz erimesi ba\u015flad\u0131. Ardahan&#x27;\u0131n \u00c7\u0131ld\u0131r ile Kars&#x27;\u0131n Arpa\u00e7ay s\u0131n\u0131rlar\u0131 aras\u0131ndaki \u00c7\u0131ld\u0131r G\u00f6l\u00fc&#x27;nde havalar\u0131n \u0131s\u0131nmas\u0131yla \u00e7\u00f6z\u00fclme h\u0131zland\u0131. \u00c7\u00f6z\u00fclmenin k\u0131y\u0131lardan ba\u015flad\u0131\u011f\u0131 g\u00f6lde etkili olan lodosla eriyen buzlar farkl\u0131 g\u00f6r\u00fcnt\u00fcler olu\u015fturdu. \u00c7\u0131ld\u0131r G\u00f6l\u00fc&#x27;n\u00fcn y\u00fczeyindeki buz erimesi dron kameras\u0131yla g\u00f6r\u00fcnt\u00fclendi. Lodosla s\u00fcr\u00fcklenen buz par\u00e7alar\u0131, kamerayla kay\u0131t alt\u0131na al\u0131n\u0131rken, k\u0131y\u0131daki k\u00f6yler de g\u00f6r\u00fcnt\u00fcye yans\u0131d\u0131. G\u00f6lde, buzu eriyen b\u00f6l\u00fcmler mavi rengi b\u00fcr\u00fcnd\u00fc. G\u00f6ldeki erimenin devam etti\u011fi b\u00f6lgelerde buz tabakas\u0131n\u0131n inceldi\u011fi de g\u00f6r\u00fcld\u00fc.<\/p>\n<p>T\u00fcrkiye g\u00fcndeminden son dakika haberleri, bug\u00fcn ya\u015fanan en son&#8230;<\/p>\n","protected":false},"excerpt":{"rendered":"<p>Kars ve Ardahan s\u0131n\u0131rlar\u0131 aras\u0131ndaki \u00c7\u0131ld\u0131r G\u00f6l\u00fc&#8217;nde r\u00fczgar ve s\u0131cak havan\u0131n etkisiyle buz \u00e7\u00f6z\u00fclmesi devam ediyor. Lodosun da etkisiyle par\u00e7alanan buzlar,&#8230;<\/p>\n","protected":false},"author":2,"featured_media":31758,"comment_status":"open","ping_status":"open","sticky":false,"template":"","format":"standard","meta":{"footnotes":""},"categories":[6,5],"tags":[],"class_list":["post-31759","post","type-post","status-publish","format-standard","has-post-thumbnail","hentry","category-gundem","category-son-dakika"],"_links":{"self":[{"href":"https:\/\/eskigazeteci.com\/index.php?rest_route=\/wp\/v2\/posts\/31759","targetHints":{"allow":["GET"]}}],"collection":[{"href":"https:\/\/eskigazeteci.com\/index.php?rest_route=\/wp\/v2\/posts"}],"about":[{"href":"https:\/\/eskigazeteci.com\/index.php?rest_route=\/wp\/v2\/types\/post"}],"author":[{"embeddable":true,"href":"https:\/\/eskigazeteci.com\/index.php?rest_route=\/wp\/v2\/users\/2"}],"replies":[{"embeddable":true,"href":"https:\/\/eskigazeteci.com\/index.php?rest_route=%2Fwp%2Fv2%2Fcomments&post=31759"}],"version-history":[{"count":0,"href":"https:\/\/eskigazeteci.com\/index.php?rest_route=\/wp\/v2\/posts\/31759\/revisions"}],"wp:featuredmedia":[{"embeddable":true,"href":"https:\/\/eskigazeteci.com\/index.php?rest_route=\/wp\/v2\/media\/31758"}],"wp:attachment":[{"href":"https:\/\/eskigazeteci.com\/index.php?rest_route=%2Fwp%2Fv2%2Fmedia&parent=31759"}],"wp:term":[{"taxonomy":"category","embeddable":true,"href":"https:\/\/eskigazeteci.com\/index.php?rest_route=%2Fwp%2Fv2%2Fcategories&post=31759"},{"taxonomy":"post_tag","embeddable":true,"href":"https:\/\/eskigazeteci.com\/index.php?rest_route=%2Fwp%2Fv2%2Ftags&post=31759"}],"curies":[{"name":"wp","href":"https:\/\/api.w.org\/{rel}","templated":true}]}}