{"id":31753,"date":"2026-05-02T10:48:36","date_gmt":"2026-05-02T10:48:36","guid":{"rendered":"https:\/\/eskigazeteci.com\/?p=31753"},"modified":"2026-05-02T10:48:36","modified_gmt":"2026-05-02T10:48:36","slug":"yola-dokulen-vidalar-trafigi-felc-etti-polis-ve-esnaf-seferber-oldu","status":"publish","type":"post","link":"https:\/\/eskigazeteci.com\/?p=31753","title":{"rendered":"Yola d\u00f6k\u00fclen vidalar trafi\u011fi fel\u00e7 etti! Polis ve esnaf seferber oldu"},"content":{"rendered":"<p>Olay, saat 09.00 s\u0131ralar\u0131nda D-100 kara yolu Edirne istikameti Yeni Mahalle mevkisinde meydana geldi. \u0130n\u015faat malzemesi ta\u015f\u0131yan bir kamyondan, hen\u00fcz belirlenemeyen bir nedenle yakla\u015f\u0131k 4 kilometre boyunca yola vidalar d\u00f6k\u00fcld\u00fc. Yola sa\u00e7\u0131lan kesici maddeler, seyir halindeki bir\u00e7ok arac\u0131n lasti\u011fine zarar verdi. S\u00fcr\u00fcc\u00fclerin ihbar\u0131 \u00fczerine b\u00f6lgeye Silivri B\u00f6lge Trafik , Karayollar\u0131 ve \u0130stanbul B\u00fcy\u00fck\u015fehir Belediyesi (\u0130BB) ekipleri sevk edildi. Vidalar\u0131n temizlenmesi amac\u0131yla kara yolunun t\u00fcm \u015feritleri yakla\u015f\u0131k 2 saat boyunca trafi\u011fe kapat\u0131ld\u0131. Ula\u015f\u0131m bu s\u00fcre zarf\u0131nda yan yoldan sa\u011fland\u0131. Temizlik \u00e7al\u0131\u015fmalar\u0131 s\u0131ras\u0131nda yolda uzun ara\u00e7 kuyruklar\u0131 olu\u015ftu. POL\u0130S VE ESNAF SEFERBER OLDU<\/p>\n<p>Yoldaki vidalar; trafik polisleri, karayollar\u0131 ekipleri ve \u00e7evredeki esnaf taraf\u0131ndan el birli\u011fiyle topland\u0131. \u00c7al\u0131\u015fmalar\u0131n ard\u0131ndan trafik ak\u0131\u015f\u0131 tek \u015feritten kontroll\u00fc olarak sa\u011flanmaya ba\u015fland\u0131. \u00d6te yandan, trafikte bekleyen bir tanker \u015fof\u00f6r\u00fc ile g\u00f6revli trafik polisi aras\u0131nda k\u0131sa s\u00fcreli tart\u0131\u015fma ya\u015fand\u0131. &#x27;S\u00dcR\u00dcC\u00dcLER\u0130N TEKERLEKLER\u0130 ZARAR G\u00d6RMES\u0130N&#x27;<\/p>\n<p>Ekiplere yard\u0131m eden b\u00f6lge esnaf\u0131ndan Hamza Yer, &quot;Ara\u00e7tan vidalar d\u00f6k\u00fclm\u00fc\u015f, elimizden geldi\u011fince biz de toplamaya \u00e7al\u0131\u015f\u0131yoruz. S\u00fcr\u00fcc\u00fclerin tekerleklerine zarar&#8230;<\/p>\n","protected":false},"excerpt":{"rendered":"<p>Silivri\u2019de in\u015faat malzemesi ta\u015f\u0131yan bir kamyondan yola d\u00f6k\u00fclen vidalar nedeniyle trafikte aksama ya\u015fand\u0131. Yakla\u015f\u0131k 4 kilometrelik alana yay\u0131lan vidalar&#8230;<\/p>\n","protected":false},"author":2,"featured_media":31752,"comment_status":"open","ping_status":"open","sticky":false,"template":"","format":"standard","meta":{"footnotes":""},"categories":[6,5],"tags":[],"class_list":["post-31753","post","type-post","status-publish","format-standard","has-post-thumbnail","hentry","category-gundem","category-son-dakika"],"_links":{"self":[{"href":"https:\/\/eskigazeteci.com\/index.php?rest_route=\/wp\/v2\/posts\/31753","targetHints":{"allow":["GET"]}}],"collection":[{"href":"https:\/\/eskigazeteci.com\/index.php?rest_route=\/wp\/v2\/posts"}],"about":[{"href":"https:\/\/eskigazeteci.com\/index.php?rest_route=\/wp\/v2\/types\/post"}],"author":[{"embeddable":true,"href":"https:\/\/eskigazeteci.com\/index.php?rest_route=\/wp\/v2\/users\/2"}],"replies":[{"embeddable":true,"href":"https:\/\/eskigazeteci.com\/index.php?rest_route=%2Fwp%2Fv2%2Fcomments&post=31753"}],"version-history":[{"count":0,"href":"https:\/\/eskigazeteci.com\/index.php?rest_route=\/wp\/v2\/posts\/31753\/revisions"}],"wp:featuredmedia":[{"embeddable":true,"href":"https:\/\/eskigazeteci.com\/index.php?rest_route=\/wp\/v2\/media\/31752"}],"wp:attachment":[{"href":"https:\/\/eskigazeteci.com\/index.php?rest_route=%2Fwp%2Fv2%2Fmedia&parent=31753"}],"wp:term":[{"taxonomy":"category","embeddable":true,"href":"https:\/\/eskigazeteci.com\/index.php?rest_route=%2Fwp%2Fv2%2Fcategories&post=31753"},{"taxonomy":"post_tag","embeddable":true,"href":"https:\/\/eskigazeteci.com\/index.php?rest_route=%2Fwp%2Fv2%2Ftags&post=31753"}],"curies":[{"name":"wp","href":"https:\/\/api.w.org\/{rel}","templated":true}]}}