{"id":31751,"date":"2026-05-02T10:47:04","date_gmt":"2026-05-02T10:47:04","guid":{"rendered":"https:\/\/eskigazeteci.com\/?p=31751"},"modified":"2026-05-02T10:47:04","modified_gmt":"2026-05-02T10:47:04","slug":"fenerbahce-baskanlik-secimi-ne-zaman-yapilacak-fenerbahce-secimli-kongre-tarihi-belli-oldu","status":"publish","type":"post","link":"https:\/\/eskigazeteci.com\/?p=31751","title":{"rendered":"Fenerbah\u00e7e ba\u015fkanl\u0131k se\u00e7imi ne zaman yap\u0131lacak? Fenerbah\u00e7e se\u00e7imli kongre tarihi belli oldu"},"content":{"rendered":"<p>Ba\u015fkan Sadettin Saran, yay\u0131mlad\u0131\u011f\u0131 kapsaml\u0131 bildiride, g\u00f6reve geldikleri g\u00fcnden bu yana verdikleri s\u00f6zlerin arkas\u0131nda durduklar\u0131n\u0131 belirterek, kul\u00fcb\u00fcn \u00f6n\u00fcn\u00fc a\u00e7mak ad\u0131na bu karar\u0131 ald\u0131klar\u0131n\u0131 ifade etti. Kongrenin ilk toplant\u0131da \u00e7o\u011funluk sa\u011flanamamas\u0131 durumunda, ikinci toplant\u0131n\u0131n \u00e7o\u011funluk aranmaks\u0131z\u0131n ayn\u0131 tarihlerde ger\u00e7ekle\u015ftirilmesi bekleniyor.<\/p>\n<p>K\u0130MLER ADAY OLACAK?<\/p>\n<p>Se\u00e7im karar\u0131n\u0131n ard\u0131ndan g\u00f6zler adayl\u0131k ihtimali olan isimlere \u00e7evrildi. Mehmet Ali Ayd\u0131nlar ve Bar\u0131\u015f G\u00f6kt\u00fcrk gibi s\u00fcrpriz isimlerin haricinde kulislerde konu\u015fulan ba\u015fl\u0131ca senaryolar \u015f\u00f6yle:<\/p>\n<p>\u0130sim<\/p>\n<p>Durumu<\/p>\n<p>Sadettin Saran<\/p>\n<p>Mevcut Ba\u015fkan<\/p>\n<p>G\u00f6revi devretme sorumlulu\u011fuyla se\u00e7im karar\u0131 ald\u0131.<\/p>\n<p>Aziz Y\u0131ld\u0131r\u0131m<\/p>\n<p>Muhtemel Aday<\/p>\n<p>&quot;Her \u015fey berrakla\u015fs\u0131n, a\u00e7\u0131klama yapaca\u011f\u0131m&quot; diyerek kap\u0131y\u0131 a\u00e7\u0131k b\u0131rakt\u0131.<\/p>\n<p>Ali Ko\u00e7<\/p>\n<p>Beklemede<\/p>\n<p>Eski ba\u015fkan\u0131n s\u00fcreci yak\u0131ndan takip etti\u011fi ve camian\u0131n talebine g\u00f6re hareket edebilece\u011fi iddia ediliyor.<\/p>\n<p>NEDEN OLA\u011eAN\u00dcST\u00dc SE\u00c7\u0130M?<\/p>\n<p>Sadettin Saran, yapt\u0131\u011f\u0131 a\u00e7\u0131klamada g\u00f6rev s\u00fcresinin ba\u015f\u0131ndan itibaren saha d\u0131\u015f\u0131 geli\u015fmelerin ve olu\u015fan \u015fartlar\u0131n s\u00fcreci bu noktaya getirdi\u011fini vurgulad\u0131. \u015eampiyonluk yar\u0131\u015f\u0131na zarar vermemek ad\u0131na baz\u0131 kararlar\u0131 ertelediklerini ancak gelinen noktada de\u011fi\u015fimin ka\u00e7\u0131n\u0131lmaz oldu\u011funu&#8230;<\/p>\n","protected":false},"excerpt":{"rendered":"<p>Fenerbah\u00e7e Spor Kul\u00fcb\u00fc&#8217;nde son g\u00fcnlerde ya\u015fanan hareketlilik, yerini resmi bir se\u00e7im takvimine b\u0131rakt\u0131. Kul\u00fcp Ba\u015fkan\u0131 Sadettin Saran, camian\u0131n merakla&#8230;<\/p>\n","protected":false},"author":2,"featured_media":31750,"comment_status":"open","ping_status":"open","sticky":false,"template":"","format":"standard","meta":{"footnotes":""},"categories":[5,7],"tags":[],"class_list":["post-31751","post","type-post","status-publish","format-standard","has-post-thumbnail","hentry","category-son-dakika","category-spor"],"_links":{"self":[{"href":"https:\/\/eskigazeteci.com\/index.php?rest_route=\/wp\/v2\/posts\/31751","targetHints":{"allow":["GET"]}}],"collection":[{"href":"https:\/\/eskigazeteci.com\/index.php?rest_route=\/wp\/v2\/posts"}],"about":[{"href":"https:\/\/eskigazeteci.com\/index.php?rest_route=\/wp\/v2\/types\/post"}],"author":[{"embeddable":true,"href":"https:\/\/eskigazeteci.com\/index.php?rest_route=\/wp\/v2\/users\/2"}],"replies":[{"embeddable":true,"href":"https:\/\/eskigazeteci.com\/index.php?rest_route=%2Fwp%2Fv2%2Fcomments&post=31751"}],"version-history":[{"count":0,"href":"https:\/\/eskigazeteci.com\/index.php?rest_route=\/wp\/v2\/posts\/31751\/revisions"}],"wp:featuredmedia":[{"embeddable":true,"href":"https:\/\/eskigazeteci.com\/index.php?rest_route=\/wp\/v2\/media\/31750"}],"wp:attachment":[{"href":"https:\/\/eskigazeteci.com\/index.php?rest_route=%2Fwp%2Fv2%2Fmedia&parent=31751"}],"wp:term":[{"taxonomy":"category","embeddable":true,"href":"https:\/\/eskigazeteci.com\/index.php?rest_route=%2Fwp%2Fv2%2Fcategories&post=31751"},{"taxonomy":"post_tag","embeddable":true,"href":"https:\/\/eskigazeteci.com\/index.php?rest_route=%2Fwp%2Fv2%2Ftags&post=31751"}],"curies":[{"name":"wp","href":"https:\/\/api.w.org\/{rel}","templated":true}]}}