{"id":31749,"date":"2026-05-02T10:41:44","date_gmt":"2026-05-02T10:41:44","guid":{"rendered":"https:\/\/eskigazeteci.com\/?p=31749"},"modified":"2026-05-02T10:41:44","modified_gmt":"2026-05-02T10:41:44","slug":"ankaralilar-dikkat-yarin-bu-yollar-kapali-olacak","status":"publish","type":"post","link":"https:\/\/eskigazeteci.com\/?p=31749","title":{"rendered":"Ankaral\u0131lar dikkat! Yar\u0131n bu yollar kapal\u0131 olacak"},"content":{"rendered":"<p>Ankara Emniyet M\u00fcd\u00fcrl\u00fc\u011f\u00fcnden yap\u0131lan a\u00e7\u0131klamaya g\u00f6re, yar\u0131n d\u00fczenlenecek etkinlik dolay\u0131s\u0131yla saat 06.00&#x27;dan itibaren Cumhurba\u015fkanl\u0131\u011f\u0131 Bulvar\u0131 &#x27;n\u0131n Fatih Sultan Mehmet Bulvar\u0131 ile Alparslan T\u00fcrke\u015f Caddesi aras\u0131nda kalan k\u0131sm\u0131, Fatih Sultan Mehmet Bulvar\u0131&#x27;n\u0131n Mevlana Bulvar\u0131 ile Anadolu Bulvar\u0131 aras\u0131nda kalan b\u00f6l\u00fcm\u00fc, Gazi Mustafa Kemal Bulvar\u0131&#x27;n\u0131n Strazburg Caddesi Kav\u015fa\u011f\u0131 ile Anadolu Meydan\u0131 aras\u0131nda kalan k\u0131sm\u0131, Be\u015ftepe Caddesi&#x27;nin S\u00f6\u011f\u00fct\u00f6z\u00fc Caddesi ile Alparslan T\u00fcrke\u015f Caddesi aras\u0131nda kalan kesimi, Alparslan T\u00fcrke\u015f Caddesi&#x27;nin Cumhurba\u015fkanl\u0131\u011f\u0131 Bulvar\u0131 ile Mevlana Bulvar\u0131 aras\u0131nda kalan b\u00f6l\u00fcm\u00fc, Bahriye \u00dc\u00e7ok Caddesi&#x27;nin Mevlana Bulvar\u0131 ile Mare\u015fal Fevzi \u00c7akmak Caddesi aras\u0131nda kalan k\u0131sm\u0131 \u00e7ift y\u00f6nl\u00fc trafi\u011fe kapal\u0131 olacak.<\/p>\n<p>Gazeteci Yazar Muammer Bostanc\u0131 Caddesi&#x27;nin Band\u0131rma Caddesi ile Be\u015fevler Kav\u015fa\u011f\u0131 aras\u0131nda kalan b\u00f6l\u00fcm\u00fcnde, Mare\u015fal Fevzi \u00c7akmak Caddesi&#x27;nin \u0130n\u00f6n\u00fc Bulvar\u0131 ile Be\u015fevler Kav\u015fa\u011f\u0131 aras\u0131nda kalan kesiminde, Akdeniz Caddesi&#x27;nin A\u015fkabat Caddesi ile Gen\u00e7lik Caddesi aras\u0131nda kalan b\u00f6l\u00fcm\u00fcnde, Gen\u00e7lik Caddesi&#x27;nin \u015eehit G\u00f6nen\u00e7 Caddesi ile An\u0131t Caddesi aras\u0131nda kalan k\u0131sm\u0131nda ve An\u0131t Caddesi&#x27;nin tamam\u0131, D\u00f6gol Caddesi&#x27;nin Be\u015fevler Kav\u015fa\u011f\u0131 ile Anadolu Meydan\u0131 aras\u0131nda kalan&#8230;<\/p>\n","protected":false},"excerpt":{"rendered":"<p>Ba\u015fkentte 61. Cumhurba\u015fkanl\u0131\u011f\u0131 T\u00fcrkiye Bisiklet Turu nedeniyle yar\u0131n baz\u0131 yollar trafi\u011fe kapat\u0131lacak.<\/p>\n","protected":false},"author":2,"featured_media":31748,"comment_status":"open","ping_status":"open","sticky":false,"template":"","format":"standard","meta":{"footnotes":""},"categories":[6,5],"tags":[],"class_list":["post-31749","post","type-post","status-publish","format-standard","has-post-thumbnail","hentry","category-gundem","category-son-dakika"],"_links":{"self":[{"href":"https:\/\/eskigazeteci.com\/index.php?rest_route=\/wp\/v2\/posts\/31749","targetHints":{"allow":["GET"]}}],"collection":[{"href":"https:\/\/eskigazeteci.com\/index.php?rest_route=\/wp\/v2\/posts"}],"about":[{"href":"https:\/\/eskigazeteci.com\/index.php?rest_route=\/wp\/v2\/types\/post"}],"author":[{"embeddable":true,"href":"https:\/\/eskigazeteci.com\/index.php?rest_route=\/wp\/v2\/users\/2"}],"replies":[{"embeddable":true,"href":"https:\/\/eskigazeteci.com\/index.php?rest_route=%2Fwp%2Fv2%2Fcomments&post=31749"}],"version-history":[{"count":0,"href":"https:\/\/eskigazeteci.com\/index.php?rest_route=\/wp\/v2\/posts\/31749\/revisions"}],"wp:featuredmedia":[{"embeddable":true,"href":"https:\/\/eskigazeteci.com\/index.php?rest_route=\/wp\/v2\/media\/31748"}],"wp:attachment":[{"href":"https:\/\/eskigazeteci.com\/index.php?rest_route=%2Fwp%2Fv2%2Fmedia&parent=31749"}],"wp:term":[{"taxonomy":"category","embeddable":true,"href":"https:\/\/eskigazeteci.com\/index.php?rest_route=%2Fwp%2Fv2%2Fcategories&post=31749"},{"taxonomy":"post_tag","embeddable":true,"href":"https:\/\/eskigazeteci.com\/index.php?rest_route=%2Fwp%2Fv2%2Ftags&post=31749"}],"curies":[{"name":"wp","href":"https:\/\/api.w.org\/{rel}","templated":true}]}}