{"id":31745,"date":"2026-05-02T10:38:35","date_gmt":"2026-05-02T10:38:35","guid":{"rendered":"https:\/\/eskigazeteci.com\/?p=31745"},"modified":"2026-05-02T10:38:35","modified_gmt":"2026-05-02T10:38:35","slug":"josef-de-souzadan-sergen-yalcin-sozleri-benim-icin-bir-baba-gibi","status":"publish","type":"post","link":"https:\/\/eskigazeteci.com\/?p=31745","title":{"rendered":"Josef de Souza&#8217;dan Sergen Yal\u00e7\u0131n s\u00f6zleri: &#8216;Benim i\u00e7in bir baba gibi&#8217;"},"content":{"rendered":"<p>T\u00fcrkiye&#x27;de Be\u015fikta\u015f &#x27;\u0131n yan\u0131 s\u0131ra Fenerbah\u00e7e ve Ba\u015fak\u015fehir FK formalar\u0131n\u0131 da giyen 37 ya\u015f\u0131ndaki eski orta saha oyuncusu, siyah-beyazl\u0131larda birlikte \u00e7al\u0131\u015ft\u0131\u011f\u0131 teknik direkt\u00f6r Sergen Yal\u00e7\u0131n i\u00e7in \u00f6vg\u00fc dolu s\u00f6zler kulland\u0131.<\/p>\n<p>Josef de Souza, yapt\u0131\u011f\u0131 a\u00e7\u0131klamada, \u015fu an ailesiyle vakit ge\u00e7irdi\u011fini belirterek, &quot;\u015eu an \u00e7ocuklar\u0131mla, ailemle vakit ge\u00e7irmeye odaklan\u0131yorum. Onlar da futbol oynuyorlar. Birka\u00e7 y\u0131l sonra \u00e7ocuklar\u0131m\u0131 Be\u015fikta\u015f&#x27;a getirece\u011fim. \u015eu an sadece hayat\u0131m\u0131n tad\u0131n\u0131 \u00e7\u0131kar\u0131yorum.&quot; diye konu\u015ftu.<\/p>\n<p>&quot;SERGEN YAL\u00c7IN BEN\u0130M \u0130\u00c7\u0130N B\u0130R BABA G\u0130B\u0130&quot;<\/p>\n<p>Josef de Souza, Be\u015fikta\u015f&#x27;ta S\u00fcper Lig ve T\u00fcrkiye Kupas\u0131 \u015fampiyonluklar\u0131 ya\u015fad\u0131\u011f\u0131 teknik direkt\u00f6r Sergen Yal\u00e7\u0131n&#x27;\u0131n kendisine \u00e7ok yard\u0131mc\u0131 oldu\u011funu s\u00f6yledi.<\/p>\n<p>Sergen Yal\u00e7\u0131n&#x27;a kariyeri i\u00e7in iyi dileklerde bulunan Brezilyal\u0131 eski futbolcu, \u015funlar\u0131 kaydetti:<\/p>\n<p>&quot; Sergen Yal\u00e7\u0131n &#x27;\u0131 \u00e7ok \u00f6zledim. O benim i\u00e7in bir baba gibi. Ben Be\u015fikta\u015f&#x27;ta forma giyerken bana \u00e7ok yard\u0131mc\u0131 oluyordu. Beni daha iyi bir oyuncu yapt\u0131. Daha iyi bir oyuncu olmama yard\u0131m etti. Ona en iyisini diliyorum. Be\u015fikta\u015f ile S\u00fcper Lig&#x27;de 100. ma\u00e7\u0131na \u00e7\u0131kt\u0131. Umar\u0131m Be\u015fikta\u015f ile bir 100 ma\u00e7a daha \u00e7\u0131kar.&quot;<\/p>\n<p>&quot;2020-2021 SEZONUNDA K\u0130MSE B\u0130ZE \u0130NANMIYORDU&quot;<\/p>\n<p>Brezilyal\u0131 eski oyuncu, S\u00fcper Lig&#x27;de&#8230;<\/p>\n","protected":false},"excerpt":{"rendered":"<p>Be\u015fikta\u015f&#8217;\u0131n eski Brezilyal\u0131 futbolcusu Josef de Souza, teknik direkt\u00f6r Sergen Yal\u00e7\u0131n&#8217;\u0131 \u00e7ok \u00f6zledi\u011fini belirterek, O benim i\u00e7in bir baba gibi. Ben Be\u015fikta\u015f&#8217;ta&#8230;<\/p>\n","protected":false},"author":2,"featured_media":31744,"comment_status":"open","ping_status":"open","sticky":false,"template":"","format":"standard","meta":{"footnotes":""},"categories":[5,7],"tags":[],"class_list":["post-31745","post","type-post","status-publish","format-standard","has-post-thumbnail","hentry","category-son-dakika","category-spor"],"_links":{"self":[{"href":"https:\/\/eskigazeteci.com\/index.php?rest_route=\/wp\/v2\/posts\/31745","targetHints":{"allow":["GET"]}}],"collection":[{"href":"https:\/\/eskigazeteci.com\/index.php?rest_route=\/wp\/v2\/posts"}],"about":[{"href":"https:\/\/eskigazeteci.com\/index.php?rest_route=\/wp\/v2\/types\/post"}],"author":[{"embeddable":true,"href":"https:\/\/eskigazeteci.com\/index.php?rest_route=\/wp\/v2\/users\/2"}],"replies":[{"embeddable":true,"href":"https:\/\/eskigazeteci.com\/index.php?rest_route=%2Fwp%2Fv2%2Fcomments&post=31745"}],"version-history":[{"count":0,"href":"https:\/\/eskigazeteci.com\/index.php?rest_route=\/wp\/v2\/posts\/31745\/revisions"}],"wp:featuredmedia":[{"embeddable":true,"href":"https:\/\/eskigazeteci.com\/index.php?rest_route=\/wp\/v2\/media\/31744"}],"wp:attachment":[{"href":"https:\/\/eskigazeteci.com\/index.php?rest_route=%2Fwp%2Fv2%2Fmedia&parent=31745"}],"wp:term":[{"taxonomy":"category","embeddable":true,"href":"https:\/\/eskigazeteci.com\/index.php?rest_route=%2Fwp%2Fv2%2Fcategories&post=31745"},{"taxonomy":"post_tag","embeddable":true,"href":"https:\/\/eskigazeteci.com\/index.php?rest_route=%2Fwp%2Fv2%2Ftags&post=31745"}],"curies":[{"name":"wp","href":"https:\/\/api.w.org\/{rel}","templated":true}]}}