{"id":31743,"date":"2026-05-02T10:37:01","date_gmt":"2026-05-02T10:37:01","guid":{"rendered":"https:\/\/eskigazeteci.com\/?p=31743"},"modified":"2026-05-02T10:37:01","modified_gmt":"2026-05-02T10:37:01","slug":"tulay-ozere-veda-usta-sanatci-son-yolculuguna-ugurlaniyor","status":"publish","type":"post","link":"https:\/\/eskigazeteci.com\/?p=31743","title":{"rendered":"T\u00fclay \u00d6zer&#8217;e veda&#8230; Usta sanat\u00e7\u0131 son yolculu\u011funa u\u011furlan\u0131yor&#8230;"},"content":{"rendered":"<p>Bir d\u00f6neme damga vuran \u015fark\u0131lar\u0131 ile T\u00fcrk m\u00fczik tarihinde yerini alan T\u00fclay \u00d6zer son yolculu\u011funa u\u011furlan\u0131yor.<\/p>\n<p>79 ya\u015f\u0131nda hayata veda eden T\u00fclay \u00d6zer&#x27;in naa\u015f\u0131 cenaze t\u00f6reninde dakikalar \u00f6nce Zincirlikuyu Camii avlusuna getirildi.<\/p>\n<p>Usta sanat\u00e7\u0131n\u0131n o\u011flu &quot;Annem Marmaris&#x27;te ya\u015f\u0131yordu. Pandemiden sonra \u0130stanbul&#x27; yan\u0131ma geldi. Diyaliz hastas\u0131yd\u0131. Ya\u015f ve sa\u011fl\u0131k bir noktadan sonra ka\u00e7\u0131n\u0131lmaz oluyor. Mekan\u0131 cennet olsun, yapt\u0131\u011f\u0131 iyilikler kar\u015f\u0131s\u0131nda olsun&quot; dedi.<\/p>\n<p>Abla ac\u0131s\u0131 ile sars\u0131lan Zerrin \u00d6zer , sa\u011fl\u0131k sorunlar\u0131 nedeniyle ara\u00e7 i\u00e7inde bekledi.<\/p>\n<p>T\u00fclay \u00d6zer , \u00f6\u011fle namaz\u0131na m\u00fcteakip k\u0131l\u0131nacak cenaze namaz\u0131n\u0131n ard\u0131ndan Zincirlikuyu Mezarl\u0131\u011f\u0131&#x27;nda topra\u011fa verilecek<\/p>\n<p>T\u00fcrkiye&#x27;den ve D\u00fcnya\u2019dan son dakika haberleri, k\u00f6\u015fe yaz\u0131lar\u0131, magazinden siyasete, spordan seyahate b\u00fct\u00fcn konular\u0131n tek adresi Hurriyet.com.tr haber i\u00e7erikleri izin al\u0131nmadan, kaynak g\u00f6sterilerek dahi iktibas edilemez. Kanuna ayk\u0131r\u0131 ve izinsiz olarak kopyalanamaz, ba\u015fka yerde yay\u0131nlanamaz.<\/p>\n","protected":false},"excerpt":{"rendered":"<p>D\u00fcn hayat\u0131n\u0131 kaybeden Zerrin \u00d6zer&#8217;in ablas\u0131 T\u00fclay \u00d6zer son yolculu\u011funa u\u011furlan\u0131yor..<\/p>\n","protected":false},"author":2,"featured_media":31742,"comment_status":"open","ping_status":"open","sticky":false,"template":"","format":"standard","meta":{"footnotes":""},"categories":[6,5],"tags":[],"class_list":["post-31743","post","type-post","status-publish","format-standard","has-post-thumbnail","hentry","category-gundem","category-son-dakika"],"_links":{"self":[{"href":"https:\/\/eskigazeteci.com\/index.php?rest_route=\/wp\/v2\/posts\/31743","targetHints":{"allow":["GET"]}}],"collection":[{"href":"https:\/\/eskigazeteci.com\/index.php?rest_route=\/wp\/v2\/posts"}],"about":[{"href":"https:\/\/eskigazeteci.com\/index.php?rest_route=\/wp\/v2\/types\/post"}],"author":[{"embeddable":true,"href":"https:\/\/eskigazeteci.com\/index.php?rest_route=\/wp\/v2\/users\/2"}],"replies":[{"embeddable":true,"href":"https:\/\/eskigazeteci.com\/index.php?rest_route=%2Fwp%2Fv2%2Fcomments&post=31743"}],"version-history":[{"count":0,"href":"https:\/\/eskigazeteci.com\/index.php?rest_route=\/wp\/v2\/posts\/31743\/revisions"}],"wp:featuredmedia":[{"embeddable":true,"href":"https:\/\/eskigazeteci.com\/index.php?rest_route=\/wp\/v2\/media\/31742"}],"wp:attachment":[{"href":"https:\/\/eskigazeteci.com\/index.php?rest_route=%2Fwp%2Fv2%2Fmedia&parent=31743"}],"wp:term":[{"taxonomy":"category","embeddable":true,"href":"https:\/\/eskigazeteci.com\/index.php?rest_route=%2Fwp%2Fv2%2Fcategories&post=31743"},{"taxonomy":"post_tag","embeddable":true,"href":"https:\/\/eskigazeteci.com\/index.php?rest_route=%2Fwp%2Fv2%2Ftags&post=31743"}],"curies":[{"name":"wp","href":"https:\/\/api.w.org\/{rel}","templated":true}]}}