{"id":31741,"date":"2026-05-02T10:18:37","date_gmt":"2026-05-02T10:18:37","guid":{"rendered":"https:\/\/eskigazeteci.com\/?p=31741"},"modified":"2026-05-02T10:18:37","modified_gmt":"2026-05-02T10:18:37","slug":"igdir-fk","status":"publish","type":"post","link":"https:\/\/eskigazeteci.com\/?p=31741","title":{"rendered":"I\u011fd\u0131r FK"},"content":{"rendered":"<p>Trendyol 1. Lig\u2019de g\u00f6zler I\u011fd\u0131r\u2019da oynanacak olan tarihi randevuya \u00e7evrilmi\u015f durumda. \u015eampiyonluk d\u00fc\u011f\u00fcm\u00fcn\u00fcn \u00e7\u00f6z\u00fclece\u011fi I\u011fd\u0131r FK &#8211; Amed Sportif Faaliyetler m\u00fccadelesi, S\u00fcper Lig biletini kapacak ikinci tak\u0131m\u0131 belirleyecek olmas\u0131 bak\u0131m\u0131ndan dev bir finale d\u00f6n\u00fc\u015f\u00fcyor. Ligde haftalard\u0131r s\u00fcren amans\u0131z takibin ard\u0131ndan, 73 puanla ikinci s\u0131rada bulunan ve galibiyet almas\u0131 durumunda tarihinde ilk kez S\u00fcper Lig\u2019e y\u00fckselme sevincini ya\u015fayacak olan Amedspor ile play-off potas\u0131ndaki yerini korumak ya da prestijli bir kapan\u0131\u015f yapmak isteyen I\u011fd\u0131r FK aras\u0131ndaki taktik sava\u015f\u0131, futbol kamuoyunda geni\u015f yank\u0131 buluyor. Peki, I\u011fd\u0131r FK &#8211; Amed SK ma\u00e7\u0131 ne zaman, hangi kanalda, saat ka\u00e7ta?<\/p>\n<p>Trendyol 1. Lig\u2019de sezonun kaderini belirleyecek olan I\u011fd\u0131r FK &#8211; Amed Sportif Faaliyetler kar\u015f\u0131la\u015fmas\u0131, 2 May\u0131s 2026 Cumartesi g\u00fcn\u00fc (bug\u00fcn) oynanacak. Ligdeki t\u00fcm kritik ma\u00e7lar\u0131n e\u015f zamanl\u0131 olarak ba\u015flayaca\u011f\u0131 bu heyecan dolu haftada, m\u00fcsabakan\u0131n ba\u015flama saati 16:00 olarak a\u00e7\u0131kland\u0131. Futbolseverlerin b\u00fcy\u00fck bir heyecanla bekledi\u011fi I\u011fd\u0131r FK &#8211; Amed SK ma\u00e7\u0131 beIN Sports 2 kanal\u0131ndan canl\u0131 olarak yay\u0131nlanacak. Ayr\u0131ca TRT Spor ekranlar\u0131nda da d\u00f6n\u00fc\u015f\u00fcml\u00fc ma\u00e7 yay\u0131n\u0131 olacak.<\/p>\n<p>T\u00fcrkiye&#x27;den ve D\u00fcnya\u2019dan son dakika haberleri, k\u00f6\u015fe&#8230;<\/p>\n","protected":false},"excerpt":{"rendered":"<p>Trendyol 1. Lig\u2019in final haftas\u0131nda, T\u00fcrk futbolunun nefesini kesecek en kritik randevulardan biri olan I\u011fd\u0131r FK &#8211; Amed SK kar\u015f\u0131la\u015fmas\u0131 i\u00e7in geri say\u0131m&#8230;<\/p>\n","protected":false},"author":2,"featured_media":31740,"comment_status":"open","ping_status":"open","sticky":false,"template":"","format":"standard","meta":{"footnotes":""},"categories":[5,7],"tags":[],"class_list":["post-31741","post","type-post","status-publish","format-standard","has-post-thumbnail","hentry","category-son-dakika","category-spor"],"_links":{"self":[{"href":"https:\/\/eskigazeteci.com\/index.php?rest_route=\/wp\/v2\/posts\/31741","targetHints":{"allow":["GET"]}}],"collection":[{"href":"https:\/\/eskigazeteci.com\/index.php?rest_route=\/wp\/v2\/posts"}],"about":[{"href":"https:\/\/eskigazeteci.com\/index.php?rest_route=\/wp\/v2\/types\/post"}],"author":[{"embeddable":true,"href":"https:\/\/eskigazeteci.com\/index.php?rest_route=\/wp\/v2\/users\/2"}],"replies":[{"embeddable":true,"href":"https:\/\/eskigazeteci.com\/index.php?rest_route=%2Fwp%2Fv2%2Fcomments&post=31741"}],"version-history":[{"count":0,"href":"https:\/\/eskigazeteci.com\/index.php?rest_route=\/wp\/v2\/posts\/31741\/revisions"}],"wp:featuredmedia":[{"embeddable":true,"href":"https:\/\/eskigazeteci.com\/index.php?rest_route=\/wp\/v2\/media\/31740"}],"wp:attachment":[{"href":"https:\/\/eskigazeteci.com\/index.php?rest_route=%2Fwp%2Fv2%2Fmedia&parent=31741"}],"wp:term":[{"taxonomy":"category","embeddable":true,"href":"https:\/\/eskigazeteci.com\/index.php?rest_route=%2Fwp%2Fv2%2Fcategories&post=31741"},{"taxonomy":"post_tag","embeddable":true,"href":"https:\/\/eskigazeteci.com\/index.php?rest_route=%2Fwp%2Fv2%2Ftags&post=31741"}],"curies":[{"name":"wp","href":"https:\/\/api.w.org\/{rel}","templated":true}]}}