{"id":31729,"date":"2026-05-02T09:28:33","date_gmt":"2026-05-02T09:28:33","guid":{"rendered":"https:\/\/eskigazeteci.com\/?p=31729"},"modified":"2026-05-02T09:28:33","modified_gmt":"2026-05-02T09:28:33","slug":"erol-bulut-geri-donuyor-yeni-takimini-duyurdular","status":"publish","type":"post","link":"https:\/\/eskigazeteci.com\/?p=31729","title":{"rendered":"Erol Bulut geri d\u00f6n\u00fcyor! Yeni tak\u0131m\u0131n\u0131 duyurdular"},"content":{"rendered":"<p>Football Insider&#x27;\u0131n haberine g\u00f6re, \u0130ngiltere Championship ekiplerinden Watford, teknik direkt\u00f6rl\u00fck g\u00f6revi i\u00e7in Erol Bulut\u2019u g\u00fcndemine ald\u0131.<\/p>\n<p>Haberde yer alan detaylar \u015fu \u015fekilde oldu:<\/p>\n<p>Watford, sezon sonunda g\u00f6revinden ayr\u0131lmas\u0131 beklenen teknik direkt\u00f6r Ed Still\u2019\u0131n yerine eski Cardiff City teknik direkt\u00f6r\u00fc Erol Bulut\u2019u de\u011ferlendirmeye ald\u0131.<\/p>\n<p>\u015eubat ay\u0131nda Javi Gracia\u2019n\u0131n yerine g\u00f6reve gelen Ed Still\u2019in, Championship sezonunun bitmesinin ard\u0131ndan g\u00f6revinden ayr\u0131lmas\u0131 bekleniyor. \u0130ngiliz teknik adam, g\u00f6rev s\u00fcresinde \u00e7\u0131kt\u0131\u011f\u0131 14 lig ma\u00e7\u0131n\u0131n yaln\u0131zca \u00fc\u00e7\u00fcn\u00fc kazanabildi.<\/p>\n<p>Watford y\u00f6netimi ise yeni bir teknik direkt\u00f6r aray\u0131\u015f\u0131na ba\u015flam\u0131\u015f durumda ve Erol Bulut , adaylar aras\u0131nda \u00f6ne \u00e7\u0131kan isimlerden biri olarak g\u00f6steriliyor.<\/p>\n<p>Bulut, 2023-24 sezonunda Cardiff City\u2019yi ilk y\u0131l\u0131nda Championship\u2019te 12. s\u0131raya ta\u015f\u0131m\u0131\u015f, ancak bir sonraki sezonun ba\u015f\u0131nda g\u00f6revinden ayr\u0131lm\u0131\u015ft\u0131.<\/p>\n<p>Eski Fenerbah\u00e7e teknik direkt\u00f6r\u00fc, Aral\u0131k ay\u0131nda Antalyaspor\u2019dan ayr\u0131ld\u0131\u011f\u0131ndan beri bo\u015fta bulunuyor ve bu durum Watford\u2019un dikkatini \u00e7ekmi\u015f durumda.<\/p>\n<p>Bulut\u2019un Championship tecr\u00fcbesi, Still\u2019in k\u0131sa s\u00fcrede ayr\u0131lma ihtimaliyle birlikte onu g\u00fc\u00e7l\u00fc adaylardan biri haline getirdi.<\/p>\n<p>T\u00fcrkiye&#x27;den ve D\u00fcnya\u2019dan son dakika haberleri, k\u00f6\u015fe&#8230;<\/p>\n","protected":false},"excerpt":{"rendered":"<p>Son olarak S\u00fcper Lig&#8217;de Antalyaspor&#8217;u \u00e7al\u0131\u015ft\u0131ran Teknik Direkt\u00f6r Erol Bulut i\u00e7in dikkat \u00e7eken bir iddia ortaya at\u0131ld\u0131.<\/p>\n","protected":false},"author":2,"featured_media":31728,"comment_status":"open","ping_status":"open","sticky":false,"template":"","format":"standard","meta":{"footnotes":""},"categories":[5,7],"tags":[],"class_list":["post-31729","post","type-post","status-publish","format-standard","has-post-thumbnail","hentry","category-son-dakika","category-spor"],"_links":{"self":[{"href":"https:\/\/eskigazeteci.com\/index.php?rest_route=\/wp\/v2\/posts\/31729","targetHints":{"allow":["GET"]}}],"collection":[{"href":"https:\/\/eskigazeteci.com\/index.php?rest_route=\/wp\/v2\/posts"}],"about":[{"href":"https:\/\/eskigazeteci.com\/index.php?rest_route=\/wp\/v2\/types\/post"}],"author":[{"embeddable":true,"href":"https:\/\/eskigazeteci.com\/index.php?rest_route=\/wp\/v2\/users\/2"}],"replies":[{"embeddable":true,"href":"https:\/\/eskigazeteci.com\/index.php?rest_route=%2Fwp%2Fv2%2Fcomments&post=31729"}],"version-history":[{"count":0,"href":"https:\/\/eskigazeteci.com\/index.php?rest_route=\/wp\/v2\/posts\/31729\/revisions"}],"wp:featuredmedia":[{"embeddable":true,"href":"https:\/\/eskigazeteci.com\/index.php?rest_route=\/wp\/v2\/media\/31728"}],"wp:attachment":[{"href":"https:\/\/eskigazeteci.com\/index.php?rest_route=%2Fwp%2Fv2%2Fmedia&parent=31729"}],"wp:term":[{"taxonomy":"category","embeddable":true,"href":"https:\/\/eskigazeteci.com\/index.php?rest_route=%2Fwp%2Fv2%2Fcategories&post=31729"},{"taxonomy":"post_tag","embeddable":true,"href":"https:\/\/eskigazeteci.com\/index.php?rest_route=%2Fwp%2Fv2%2Ftags&post=31729"}],"curies":[{"name":"wp","href":"https:\/\/api.w.org\/{rel}","templated":true}]}}