{"id":31727,"date":"2026-05-02T09:26:55","date_gmt":"2026-05-02T09:26:55","guid":{"rendered":"https:\/\/eskigazeteci.com\/?p=31727"},"modified":"2026-05-02T09:26:55","modified_gmt":"2026-05-02T09:26:55","slug":"rekorlarin-adami-okan-buruk-turk-futbol-tarihine-gecmeye-hazirlaniyor","status":"publish","type":"post","link":"https:\/\/eskigazeteci.com\/?p=31727","title":{"rendered":"Rekorlar\u0131n adam\u0131 Okan Buruk, T\u00fcrk futbol tarihine ge\u00e7meye haz\u0131rlan\u0131yor!"},"content":{"rendered":"<p>S\u00fcper Lig&#x27;de bu ak\u015fam deplasmanda Samsunspor ile kar\u015f\u0131la\u015facak Galatasaray &#x27;\u0131n teknik direkt\u00f6r\u00fc Okan Buruk, T\u00fcrk futbol tarihinin en \u00e7ok \u015fampiyon olan ikinci teknik direkt\u00f6r\u00fc \u00fcnvan\u0131n\u0131 almaya \u00e7al\u0131\u015facak.<\/p>\n<p>S\u00fcper Lig&#x27;de 32. haftaya en yak\u0131n takip\u00e7isi Fenerbah\u00e7e &#x27;nin 7 puan \u00f6n\u00fcnde giren sar\u0131-k\u0131rm\u0131z\u0131l\u0131 ekip, yar\u0131n Samsunspor m\u00fccadelesini kazanmas\u0131 durumunda rakiplerinin alaca\u011f\u0131 sonu\u00e7lara bakmadan \u015fampiyonlu\u011fu garantileyecek.<\/p>\n<p>TEKN\u0130K D\u0130REKT\u00d6RL\u00dcK KAR\u0130YER\u0130NDEK\u0130 5. \u015eAMP\u0130YONLU\u011eU OLACAK<\/p>\n<p>Galatasaray, Samsun&#x27;dan istedi\u011fi sonu\u00e7la d\u00f6nmesi halinde ligde \u00fcst \u00fcste 4, toplamda ise 26. kez ipi \u00f6nde g\u00f6\u011f\u00fcsleyecek. Okan Buruk da teknik direkt\u00f6rl\u00fck kariyerinde \u015fampiyonluk apoleti say\u0131s\u0131n\u0131 5&#x27;e \u00e7\u0131karacak.<\/p>\n<p>Daha \u00f6nce Ba\u015fak\u015fehir&#x27;in ba\u015f\u0131nda 2019-2020 sezonunda \u015fampiyon olan Buruk, Galatasaray&#x27;\u0131n ba\u015f\u0131nda ise 2022-2023, 2023-2024 ve 2024-2025 sezonlar\u0131nda kupay\u0131 kald\u0131rd\u0131.<\/p>\n<p>FAT\u0130H TER\u0130M Z\u0130RVEDE<\/p>\n<p>S\u00fcper Lig&#x27;de 8 kez \u015fampiyonluk ya\u015fayan teknik direkt\u00f6r Fatih Terim, bu alanda rekoru elinde bulunduruyor.<\/p>\n<p>Tecr\u00fcbeli teknik adam, d\u00f6rt d\u00f6nem \u00e7al\u0131\u015ft\u0131\u011f\u0131 Galatasaray&#x27;da 1996-1997, 1997-1998, 1998-1999, 1999-2000, 2011-2012, 2012-2013, 2017-2018 ve 2018-2019&#x27;da \u015fampiyonluk sevinci ya\u015fad\u0131.<\/p>\n<p>AHMET SUAT \u00d6ZYACI&#x27;YI GE\u00c7EREK \u0130K\u0130NC\u0130&#8230;<\/p>\n","protected":false},"excerpt":{"rendered":"<p>S\u00fcper Lig&#8217;in 32. haftas\u0131nda bu ak\u015fam Samsunspor&#8217;la deplasmanda kar\u015f\u0131la\u015facak olan Galatasaray, ma\u00e7\u0131 kazanmas\u0131 halinde di\u011fer ma\u00e7lardaki skorlara bak\u0131lmaks\u0131z\u0131n&#8230;<\/p>\n","protected":false},"author":2,"featured_media":31726,"comment_status":"open","ping_status":"open","sticky":false,"template":"","format":"standard","meta":{"footnotes":""},"categories":[5,7],"tags":[],"class_list":["post-31727","post","type-post","status-publish","format-standard","has-post-thumbnail","hentry","category-son-dakika","category-spor"],"_links":{"self":[{"href":"https:\/\/eskigazeteci.com\/index.php?rest_route=\/wp\/v2\/posts\/31727","targetHints":{"allow":["GET"]}}],"collection":[{"href":"https:\/\/eskigazeteci.com\/index.php?rest_route=\/wp\/v2\/posts"}],"about":[{"href":"https:\/\/eskigazeteci.com\/index.php?rest_route=\/wp\/v2\/types\/post"}],"author":[{"embeddable":true,"href":"https:\/\/eskigazeteci.com\/index.php?rest_route=\/wp\/v2\/users\/2"}],"replies":[{"embeddable":true,"href":"https:\/\/eskigazeteci.com\/index.php?rest_route=%2Fwp%2Fv2%2Fcomments&post=31727"}],"version-history":[{"count":0,"href":"https:\/\/eskigazeteci.com\/index.php?rest_route=\/wp\/v2\/posts\/31727\/revisions"}],"wp:featuredmedia":[{"embeddable":true,"href":"https:\/\/eskigazeteci.com\/index.php?rest_route=\/wp\/v2\/media\/31726"}],"wp:attachment":[{"href":"https:\/\/eskigazeteci.com\/index.php?rest_route=%2Fwp%2Fv2%2Fmedia&parent=31727"}],"wp:term":[{"taxonomy":"category","embeddable":true,"href":"https:\/\/eskigazeteci.com\/index.php?rest_route=%2Fwp%2Fv2%2Fcategories&post=31727"},{"taxonomy":"post_tag","embeddable":true,"href":"https:\/\/eskigazeteci.com\/index.php?rest_route=%2Fwp%2Fv2%2Ftags&post=31727"}],"curies":[{"name":"wp","href":"https:\/\/api.w.org\/{rel}","templated":true}]}}