{"id":31723,"date":"2026-05-02T09:21:32","date_gmt":"2026-05-02T09:21:32","guid":{"rendered":"https:\/\/eskigazeteci.com\/?p=31723"},"modified":"2026-05-02T09:21:32","modified_gmt":"2026-05-02T09:21:32","slug":"togg-t10f-otomobille-kentte-bir-ilk-15-gunde-yogun-ilgi-gordu-bu-benim-hayalimdi-gerceklestirdik","status":"publish","type":"post","link":"https:\/\/eskigazeteci.com\/?p=31723","title":{"rendered":"Togg T10F otomobille kentte bir ilk: 15 g\u00fcnde yo\u011fun ilgi g\u00f6rd\u00fc! &#8216;Bu benim hayalimdi, ger\u00e7ekle\u015ftirdik&#8217;"},"content":{"rendered":"<p>Rize&#x27;de ula\u015f\u0131mda dikkat \u00e7eken bir yenilik hayata ge\u00e7irildi. Kent merkezinde taksicilik yapan \u015eenol Yaz\u0131c\u0131, yerli ve elektrikli otomobil Togg ile hizmet vererek \u015fehirde bir ilki ger\u00e7ekle\u015ftirdi. Yak\u0131t maliyetlerini d\u00fc\u015f\u00fcren ve \u00e7evreci yap\u0131s\u0131yla \u00f6ne \u00e7\u0131kan uygulama, vatanda\u015flardan da yo\u011fun ilgi g\u00f6rd\u00fc. Rize&#x27;de ba\u015flayan Togg taksi d\u00f6nemi, ula\u015f\u0131mda yeni bir s\u00fcrecin kap\u0131s\u0131n\u0131 aralad\u0131.<\/p>\n<p>&quot;BU BEN\u0130M HAYAL\u0130MD\u0130&quot;<\/p>\n<p>Elektrikli taksi kullanma fikrinin uzun s\u00fcredir akl\u0131nda oldu\u011funu belirten \u015eenol Yaz\u0131c\u0131, bu karar\u0131 bilin\u00e7li bir \u015fekilde ald\u0131\u011f\u0131n\u0131 ifade etti. Ara\u00e7 de\u011fi\u015fikli\u011fi s\u00fcrecinde bu f\u0131rsat\u0131 de\u011ferlendirdi\u011fini s\u00f6yleyen Yaz\u0131c\u0131, &quot;Rize&#x27;de herhalde ilk oldu bu. Ara\u00e7 de\u011fi\u015fme niyetim vard\u0131. Mazot masraflar\u0131, benzin masraflar\u0131 ve di\u011fer ara\u00e7 giderlerinden kurtulmak i\u00e7in b\u00f6yle bir \u015fey d\u00fc\u015f\u00fcnd\u00fcm. Bu benim hayalimdi zaten, taksicili\u011fe ba\u015flad\u0131\u011f\u0131mdan beri akl\u0131mdayd\u0131. Ger\u00e7ekle\u015ftirdik, Rize&#x27;ye hay\u0131rl\u0131 olsun. \u0130n\u015fallah \u00f6n\u00fcm\u00fczde g\u00fczel g\u00fcnler bizi bekliyor&quot; diye konu\u015ftu. 15 G\u00dcNDE YO\u011eUN \u0130LG\u0130 G\u00d6RD\u00dc<\/p>\n<p>Yeni arac\u0131n\u0131 yakla\u015f\u0131k 15 g\u00fcn \u00f6nce kullanmaya ba\u015flad\u0131\u011f\u0131n\u0131 belirten Yaz\u0131c\u0131, vatanda\u015flar\u0131n ilgisinin olduk\u00e7a yo\u011fun oldu\u011funu dile getirdi. \u00d6zellikle \u00e7ocuklar\u0131n araca b\u00fcy\u00fck ilgi g\u00f6sterdi\u011fini ifade eden Yaz\u0131c\u0131, &quot;Daha 15 g\u00fcn oldu&#8230;<\/p>\n","protected":false},"excerpt":{"rendered":"<p>Rize \u015fehir merkezinde taksicilik yapan \u015eenol Yaz\u0131c\u0131, yerli ve elektrikli otomobil Togg T10F ile hizmet vererek kentte bir ilke imza att\u0131. Yakla\u015f\u0131k 6 y\u0131ld\u0131r&#8230;<\/p>\n","protected":false},"author":2,"featured_media":31722,"comment_status":"open","ping_status":"open","sticky":false,"template":"","format":"standard","meta":{"footnotes":""},"categories":[6,5],"tags":[],"class_list":["post-31723","post","type-post","status-publish","format-standard","has-post-thumbnail","hentry","category-gundem","category-son-dakika"],"_links":{"self":[{"href":"https:\/\/eskigazeteci.com\/index.php?rest_route=\/wp\/v2\/posts\/31723","targetHints":{"allow":["GET"]}}],"collection":[{"href":"https:\/\/eskigazeteci.com\/index.php?rest_route=\/wp\/v2\/posts"}],"about":[{"href":"https:\/\/eskigazeteci.com\/index.php?rest_route=\/wp\/v2\/types\/post"}],"author":[{"embeddable":true,"href":"https:\/\/eskigazeteci.com\/index.php?rest_route=\/wp\/v2\/users\/2"}],"replies":[{"embeddable":true,"href":"https:\/\/eskigazeteci.com\/index.php?rest_route=%2Fwp%2Fv2%2Fcomments&post=31723"}],"version-history":[{"count":0,"href":"https:\/\/eskigazeteci.com\/index.php?rest_route=\/wp\/v2\/posts\/31723\/revisions"}],"wp:featuredmedia":[{"embeddable":true,"href":"https:\/\/eskigazeteci.com\/index.php?rest_route=\/wp\/v2\/media\/31722"}],"wp:attachment":[{"href":"https:\/\/eskigazeteci.com\/index.php?rest_route=%2Fwp%2Fv2%2Fmedia&parent=31723"}],"wp:term":[{"taxonomy":"category","embeddable":true,"href":"https:\/\/eskigazeteci.com\/index.php?rest_route=%2Fwp%2Fv2%2Fcategories&post=31723"},{"taxonomy":"post_tag","embeddable":true,"href":"https:\/\/eskigazeteci.com\/index.php?rest_route=%2Fwp%2Fv2%2Ftags&post=31723"}],"curies":[{"name":"wp","href":"https:\/\/api.w.org\/{rel}","templated":true}]}}