{"id":31721,"date":"2026-05-02T09:19:59","date_gmt":"2026-05-02T09:19:59","guid":{"rendered":"https:\/\/eskigazeteci.com\/?p=31721"},"modified":"2026-05-02T09:19:59","modified_gmt":"2026-05-02T09:19:59","slug":"bursadaki-dehset-otomobille-onlerini-kesip-ates-acmisti-avukat-hatice-kocaefiyi-olduren-katil-zanlisinin-ifadesi-ortaya-cikti","status":"publish","type":"post","link":"https:\/\/eskigazeteci.com\/?p=31721","title":{"rendered":"Bursa&#8217;daki deh\u015fet! Otomobille \u00f6nlerini kesip ate\u015f a\u00e7m\u0131\u015ft\u0131&#8230; Avukat Hatice Kocaefi&#8217;yi \u00f6ld\u00fcren katil zanl\u0131s\u0131n\u0131n ifadesi ortaya \u00e7\u0131kt\u0131"},"content":{"rendered":"<p>Bursa&#x27;n\u0131n G\u00fcrsu il\u00e7esinde 29 Nisan g\u00fcn\u00fc A\u011fak\u00f6y Mahallesi&#x27;nde meydana gelen olayda, alacak verecek meselesi nedeniyle ablas\u0131 i\u00e7in icra takibi ba\u015flatan Avukat Hatice Kocaefe&#x27; ile Hakk\u0131 \u00c7., aras\u0131nda ya\u015fanan gerginlik kanl\u0131 bitti. \u015e\u00fcpheli, depo \u00f6n\u00fcnde y\u00fcr\u00fcyen baba ve iki k\u0131z karde\u015fe otomobilin i\u00e7inden ate\u015f a\u00e7t\u0131. Sald\u0131r\u0131da Elif \u00c7. dizinden yaralan\u0131rken, avukat Hatice Kocaefe g\u00f6\u011fs\u00fcne isabet eden kur\u015funla a\u011f\u0131r yaraland\u0131. Hastaneye kald\u0131r\u0131lan Kocaefe, yap\u0131lan t\u00fcm m\u00fcdahalelere ra\u011fmen kurtar\u0131lamad\u0131.<\/p>\n<p>OTOMOB\u0130LLE \u00d6NLER\u0130N\u0130 KES\u0130P ATE\u015e A\u00c7TI<\/p>\n<p>\u0130ddiaya g\u00f6re Elif \u00c7.&#x27;nin alaca\u011f\u0131 nedeniyle ba\u015flat\u0131lan icra s\u00fcreci sonras\u0131 taraflar aras\u0131nda gerilim t\u0131rmand\u0131. S\u00fcreci avukat Hatice Kocaefe &#x27;nin y\u00fcr\u00fctmesi \u00fczerine \u015f\u00fcphelinin rahats\u0131zl\u0131k duydu\u011fu ve tehditlerde bulundu\u011fu \u00f6ne s\u00fcr\u00fcld\u00fc. Olay g\u00fcn\u00fc ise \u015f\u00fcpheli Hakk\u0131 \u00c7.&#x27;nin ara\u00e7la b\u00f6lgeye gelerek depo \u00f6n\u00fcnde y\u00fcr\u00fcyen baba ve iki k\u0131z karde\u015fin \u00f6n\u00fcn\u00fc kesti\u011fi ve otomobilin i\u00e7inden ate\u015f a\u00e7t\u0131\u011f\u0131 belirtildi. Sald\u0131r\u0131da Elif \u00c7. dizinden yaralan\u0131rken, Hatice Kocaefe g\u00f6\u011fs\u00fcnden vurularak hayat\u0131n\u0131 kaybetti.<\/p>\n<p>5 \u015e\u00dcPHEL\u0130 TUTUKLANDI<\/p>\n<p>Asayi\u015f \u015eube M\u00fcd\u00fcrl\u00fc\u011f\u00fc Cinayet B\u00fcrosu ekiplerinin ba\u015far\u0131l\u0131 operasyonuyla olaya ad\u0131 kar\u0131\u015fan 7 ki\u015fi g\u00f6zalt\u0131na al\u0131nd\u0131. Cumhuriyet Ba\u015fsavc\u0131l\u0131\u011f\u0131&#x27;n\u0131n titiz bir&#8230;<\/p>\n","protected":false},"excerpt":{"rendered":"<p>Bursa&#8217;n\u0131n G\u00fcrsu il\u00e7esinde avukat Hatice Kocaefe&#8217;nin hayat\u0131n\u0131 kaybetti\u011fi, karde\u015fi Elif \u00c7.&#8217;nin yaraland\u0131\u011f\u0131 silahl\u0131 sald\u0131r\u0131ya ili\u015fkin katil zanl\u0131s\u0131 Hakk\u0131 \u00c7. ve&#8230;<\/p>\n","protected":false},"author":2,"featured_media":31720,"comment_status":"open","ping_status":"open","sticky":false,"template":"","format":"standard","meta":{"footnotes":""},"categories":[6,5],"tags":[],"class_list":["post-31721","post","type-post","status-publish","format-standard","has-post-thumbnail","hentry","category-gundem","category-son-dakika"],"_links":{"self":[{"href":"https:\/\/eskigazeteci.com\/index.php?rest_route=\/wp\/v2\/posts\/31721","targetHints":{"allow":["GET"]}}],"collection":[{"href":"https:\/\/eskigazeteci.com\/index.php?rest_route=\/wp\/v2\/posts"}],"about":[{"href":"https:\/\/eskigazeteci.com\/index.php?rest_route=\/wp\/v2\/types\/post"}],"author":[{"embeddable":true,"href":"https:\/\/eskigazeteci.com\/index.php?rest_route=\/wp\/v2\/users\/2"}],"replies":[{"embeddable":true,"href":"https:\/\/eskigazeteci.com\/index.php?rest_route=%2Fwp%2Fv2%2Fcomments&post=31721"}],"version-history":[{"count":0,"href":"https:\/\/eskigazeteci.com\/index.php?rest_route=\/wp\/v2\/posts\/31721\/revisions"}],"wp:featuredmedia":[{"embeddable":true,"href":"https:\/\/eskigazeteci.com\/index.php?rest_route=\/wp\/v2\/media\/31720"}],"wp:attachment":[{"href":"https:\/\/eskigazeteci.com\/index.php?rest_route=%2Fwp%2Fv2%2Fmedia&parent=31721"}],"wp:term":[{"taxonomy":"category","embeddable":true,"href":"https:\/\/eskigazeteci.com\/index.php?rest_route=%2Fwp%2Fv2%2Fcategories&post=31721"},{"taxonomy":"post_tag","embeddable":true,"href":"https:\/\/eskigazeteci.com\/index.php?rest_route=%2Fwp%2Fv2%2Ftags&post=31721"}],"curies":[{"name":"wp","href":"https:\/\/api.w.org\/{rel}","templated":true}]}}